{"id":519557,"date":"2025-11-08T02:08:11","date_gmt":"2025-11-08T02:08:11","guid":{"rendered":"https:\/\/www.europesays.com\/fr\/519557\/"},"modified":"2025-11-08T02:08:11","modified_gmt":"2025-11-08T02:08:11","slug":"cetait-une-institution-parisienne-le-magasin-dinstruments-paul-beuscher-ferme-apres-175-ans-dexistence","status":"publish","type":"post","link":"https:\/\/www.europesays.com\/fr\/519557\/","title":{"rendered":"\u00ab\u00a0C\u2019\u00e9tait une institution parisienne\u00a0\u00bb\u00a0: le magasin d\u2019instruments Paul Beuscher ferme apr\u00e8s 175\u00a0ans d\u2019existence"},"content":{"rendered":"<p class=\"paragraph text_align_left lp-f-body-02\">\u00ab Malgr\u00e9 tous les efforts, toute la motivation, les n\u00e9gociations, tous les changements \u2014 du plus minime au structurel \u2014 et l\u2019ensemble du travail accompli par les \u00e9quipes \u00bb, soulignent les g\u00e9rants dans un communiqu\u00e9 publi\u00e9 sur Facebook, la boutique n\u2019a pas surv\u00e9cu aux bouleversements du secteur. La fermeture concerne \u00e0 la fois le magasin physique et le site Internet.<\/p>\n","protected":false},"excerpt":{"rendered":"\u00ab Malgr\u00e9 tous les efforts, toute la motivation, les n\u00e9gociations, tous les changements \u2014 du plus minime au&hellip;\n","protected":false},"author":2,"featured_media":519558,"comment_status":"","ping_status":"","sticky":false,"template":"","format":"standard","meta":{"footnotes":""},"categories":[1888],"tags":[11,872,1777,674,1011,27,1944,12,626,25],"class_list":{"0":"post-519557","1":"post","2":"type-post","3":"status-publish","4":"format-standard","5":"has-post-thumbnail","7":"category-paris","8":"tag-actualites","9":"tag-culture-et-loisirs","10":"tag-eu","11":"tag-europe","12":"tag-fr","13":"tag-france","14":"tag-ma-ville","15":"tag-news","16":"tag-paris","17":"tag-republique-francaise"},"share_on_mastodon":{"url":"https:\/\/pubeurope.com\/@fr\/115511643636208644","error":""},"_links":{"self":[{"href":"https:\/\/www.europesays.com\/fr\/wp-json\/wp\/v2\/posts\/519557","targetHints":{"allow":["GET"]}}],"collection":[{"href":"https:\/\/www.europesays.com\/fr\/wp-json\/wp\/v2\/posts"}],"about":[{"href":"https:\/\/www.europesays.com\/fr\/wp-json\/wp\/v2\/types\/post"}],"author":[{"embeddable":true,"href":"https:\/\/www.europesays.com\/fr\/wp-json\/wp\/v2\/users\/2"}],"replies":[{"embeddable":true,"href":"https:\/\/www.europesays.com\/fr\/wp-json\/wp\/v2\/comments?post=519557"}],"version-history":[{"count":0,"href":"https:\/\/www.europesays.com\/fr\/wp-json\/wp\/v2\/posts\/519557\/revisions"}],"wp:featuredmedia":[{"embeddable":true,"href":"https:\/\/www.europesays.com\/fr\/wp-json\/wp\/v2\/media\/519558"}],"wp:attachment":[{"href":"https:\/\/www.europesays.com\/fr\/wp-json\/wp\/v2\/media?parent=519557"}],"wp:term":[{"taxonomy":"category","embeddable":true,"href":"https:\/\/www.europesays.com\/fr\/wp-json\/wp\/v2\/categories?post=519557"},{"taxonomy":"post_tag","embeddable":true,"href":"https:\/\/www.europesays.com\/fr\/wp-json\/wp\/v2\/tags?post=519557"}],"curies":[{"name":"wp","href":"https:\/\/api.w.org\/{rel}","templated":true}]}}