{"id":519559,"date":"2025-11-08T02:09:25","date_gmt":"2025-11-08T02:09:25","guid":{"rendered":"https:\/\/www.europesays.com\/fr\/519559\/"},"modified":"2025-11-08T02:09:25","modified_gmt":"2025-11-08T02:09:25","slug":"vainqueur-du-paris-fc-a-jean-bouin-rennes-confirme-son-regain-de-forme","status":"publish","type":"post","link":"https:\/\/www.europesays.com\/fr\/519559\/","title":{"rendered":"vainqueur du Paris FC \u00e0 Jean-Bouin, Rennes confirme son regain de forme"},"content":{"rendered":"<p>\n    Le Stade Rennais s\u2019est impos\u00e9 sur la pelouse du promu parisien (0-1), ce vendredi, en ouverture de la 12e journ\u00e9e de Ligue\u00a01. L\u2019\u00e9quipe d\u2019Habib Beye d\u00e9croche une deuxi\u00e8me victoire cons\u00e9cutive.<\/p>\n<p class=\"fig-paragraph\">L\u2019orage est pass\u00e9 en Ille-et-Vilaine. Apr\u00e8s de grandes turbulences qui ont\u00a0<a href=\"http:\/\/www.lefigaro.fr\/sports\/football\/ligue-1\/ligue-1-en-sursis-habib-beye-maintenu-sur-le-banc-de-rennes-a-toulouse-20251027\" data-fig-type=\"NewsFlash\" data-gtm-custom-categorie=\"navigation\" data-gtm-custom-action=\"crossclick\" data-gtm-custom-label=\"Contextuel\" data-gtm-event=\"customEventSPE\" data-fig-domain=\"LEFIGARO\" target=\"_blank\" rel=\"noopener\">failli co\u00fbter son poste \u00e0 Habib Beye<\/a>, le Stade Rennais a encha\u00een\u00e9 vendredi, pour la premi\u00e8re fois de la saison, une deuxi\u00e8me victoire de suite en s\u2019imposant chez le Paris\u00a0FC (0-1) en ouverture de la 12e journ\u00e9e de Ligue\u00a01.<\/p>\n<p class=\"fig-paragraph\">Quelques centaines de spectateurs sont arriv\u00e9es en retard ou pile \u00e0 l\u2019heure pour le coup d\u2019envoi, et ils n\u2019avaient aucune raison de se presser. Il a fallu pr\u00e8s d\u2019une demi-heure avant de voir du football un tant soit peu chatoyant. Les d\u00e9fenses ont longuement pris le dessus, \u00e0 l\u2019image des tacles bien sentis des Rennais Anthony Rouault et J\u00e9r\u00e9my Jacquet, ou des bonnes lectures des Parisiens Otavio et Obed Nkambadio, gardien pr\u00e9f\u00e9r\u00e9 \u00e0 l\u2019international allemand\u00a0<a href=\"http:\/\/www.lefigaro.fr\/sports\/football\/ligue-1\/ligue-1-trapp-retourne-sur-le-banc-beye-mise-encore-sur-meite-les-compos-de-paris-fc-rennes-20251107\" data-fig-type=\"NewsFlash\" data-gtm-custom-categorie=\"navigation\" data-gtm-custom-action=\"crossclick\" data-gtm-custom-label=\"Contextuel\" data-gtm-event=\"customEventSPE\" data-fig-domain=\"LEFIGARO\" target=\"_blank\" rel=\"noopener\">Kevin Trapp<\/a>.<\/p>\n<p>                                    <a class=\"fig-a11y-skip a11y-hidden\" href=\"#fig-a11y-skip-main-inarticle\"><br \/>\n        Passer la publicit\u00e9<br \/>\n    <\/a><\/p>\n<p>Des occasions en vrac pour Paris<\/p>\n<p class=\"fig-paragraph\">Seul Ilan Kebbal, feu follet de l\u2019attaque francilienne, a os\u00e9, avec une frappe sans contr\u00f4le \u00e0 40 m\u00e8tres du but qui n\u2019a pas tromp\u00e9 la vigilance de Brice Samba (23e). Un \u00e9chauffement id\u00e9al pour le troisi\u00e8me gardien de l\u2019\u00e9quipe de France, qui s\u2019est ensuite employ\u00e9 devant Moustapha Mbow sur corner (32e), Pierre Lees-Melou (35e) puis Jean-Philippe Krasso qui a tent\u00e9 le tir entre les jambes (39e).<\/p>\n<p class=\"fig-body-link\">\n            \u00c0 lire aussi<br \/>\n        <a class=\"fig-body-link__link\" href=\"http:\/\/www.lefigaro.fr\/sports\/football\/ligue-1\/paris-fc-rennes-samba-infranchissable-le-pfc-n-a-pas-su-conclure-les-tops-et-flops-20251107\" data-fig-type=\"NewsFlash\" data-gtm-custom-categorie=\"navigation\" data-gtm-custom-action=\"crossclick\" data-gtm-custom-label=\"Contextuel\" data-gtm-event=\"customEventSPE\" data-fig-domain=\"LEFIGARO\" target=\"_blank\" rel=\"noopener\"><\/p>\n<p>        Paris FC-Rennes\u00a0: Samba infranchissable, le PFC n\u2019a pas su conclure&#8230; Les tops et flops<br \/>\n    <\/a>\n<\/p>\n<p class=\"fig-paragraph\">Adepte de la r\u00e9action, \u00e0 l\u2019image de son d\u00e9but de saison, Rennes a fini par trouver la profondeur et lancer Kader Me\u00eft\u00e9 au but. Le jeune attaquant de 18 ans a crois\u00e9 fort sa frappe du droit et but\u00e9 sur Nkambadio (45e). La rencontre \u00e9tait bien lanc\u00e9e, et les quinze minutes de pause n\u2019ont pas refroidi les vingt-deux acteurs. Une incursion de Samir Chergui dans la surface rennaise suivie d\u2019une frappe ont encore donn\u00e9 du boulot \u00e0 Samba (47e).<\/p>\n<p>Le sauveur Embolo<\/p>\n<p class=\"fig-paragraph\">L\u2019ancien portier lensois \u00e9tait toutefois battu sur un centre \u00e0 ras de terre de Moses Simon, mais sauv\u00e9 par son poteau qui a renvoy\u00e9 la reprise de Chergui (56e). Habib Beye a tent\u00e9 d\u2019inverser la tendance avec les entr\u00e9es de Ludovic Blas et Breel Embolo (66e). En vain. Pouss\u00e9 par son public \u00e0 Jean-Bouin, le PFC a accentu\u00e9 ses temps forts, trouvant la barre sur un tir lointain de Thibault De Smet (77e).<\/p>\n<p class=\"fig-paragraph\">C\u2019est alors que la cruaut\u00e9 du football a repris ses droits. Sur une petite partie de billard dans le camp rennais, Valentin Rongier a distill\u00e9 une longue passe \u00e0 ras de terre, qui n\u2019\u00e9tait peut-\u00eatre pas destin\u00e9e \u00e0 Embolo mais qui lui a profit\u00e9. Le buteur suisse s\u2019en est all\u00e9 conclure avec sang-froid devant Nkambadio (81e, 0-1).<\/p>\n<p class=\"fig-paragraph\">Vex\u00e9s et nerveux sur la fin de match, les Parisiens ont pouss\u00e9, et la foule a retenu son souffle sur un ballon cafouill\u00e9 \u00e0 trois petits m\u00e8tres du but rennais (90e+1). Rennes a tenu et s\u2019est assur\u00e9 un moral au beau fixe le temps de la tr\u00eave internationale, remontant provisoirement \u00e0 la 8e place de L1. Le PFC stagne au 11e rang.<\/p>\n","protected":false},"excerpt":{"rendered":"Le Stade Rennais s\u2019est impos\u00e9 sur la pelouse du promu parisien (0-1), ce vendredi, en ouverture de la&hellip;\n","protected":false},"author":2,"featured_media":519560,"comment_status":"","ping_status":"","sticky":false,"template":"","format":"standard","meta":{"footnotes":""},"categories":[1888],"tags":[11,1777,674,1011,27,12,626,445,25,3087],"class_list":{"0":"post-519559","1":"post","2":"type-post","3":"status-publish","4":"format-standard","5":"has-post-thumbnail","7":"category-paris","8":"tag-actualites","9":"tag-eu","10":"tag-europe","11":"tag-fr","12":"tag-france","13":"tag-news","14":"tag-paris","15":"tag-paris-fc","16":"tag-republique-francaise","17":"tag-stade-rennais"},"share_on_mastodon":{"url":"https:\/\/pubeurope.com\/@fr\/115511647574138786","error":""},"_links":{"self":[{"href":"https:\/\/www.europesays.com\/fr\/wp-json\/wp\/v2\/posts\/519559","targetHints":{"allow":["GET"]}}],"collection":[{"href":"https:\/\/www.europesays.com\/fr\/wp-json\/wp\/v2\/posts"}],"about":[{"href":"https:\/\/www.europesays.com\/fr\/wp-json\/wp\/v2\/types\/post"}],"author":[{"embeddable":true,"href":"https:\/\/www.europesays.com\/fr\/wp-json\/wp\/v2\/users\/2"}],"replies":[{"embeddable":true,"href":"https:\/\/www.europesays.com\/fr\/wp-json\/wp\/v2\/comments?post=519559"}],"version-history":[{"count":0,"href":"https:\/\/www.europesays.com\/fr\/wp-json\/wp\/v2\/posts\/519559\/revisions"}],"wp:featuredmedia":[{"embeddable":true,"href":"https:\/\/www.europesays.com\/fr\/wp-json\/wp\/v2\/media\/519560"}],"wp:attachment":[{"href":"https:\/\/www.europesays.com\/fr\/wp-json\/wp\/v2\/media?parent=519559"}],"wp:term":[{"taxonomy":"category","embeddable":true,"href":"https:\/\/www.europesays.com\/fr\/wp-json\/wp\/v2\/categories?post=519559"},{"taxonomy":"post_tag","embeddable":true,"href":"https:\/\/www.europesays.com\/fr\/wp-json\/wp\/v2\/tags?post=519559"}],"curies":[{"name":"wp","href":"https:\/\/api.w.org\/{rel}","templated":true}]}}