{"id":519561,"date":"2025-11-08T02:10:13","date_gmt":"2025-11-08T02:10:13","guid":{"rendered":"https:\/\/www.europesays.com\/fr\/519561\/"},"modified":"2025-11-08T02:10:13","modified_gmt":"2025-11-08T02:10:13","slug":"invasion-de-lukraine-une-attaque-russe-massive-provoque-des-coupures-de-courant-en-ukraine","status":"publish","type":"post","link":"https:\/\/www.europesays.com\/fr\/519561\/","title":{"rendered":"Invasion de l&rsquo;Ukraine &#8211; Une attaque russe \u00ab\u00a0massive\u00a0\u00bb provoque des coupures de courant en Ukraine"},"content":{"rendered":"<p class=\"ap-StoryElement ap-StoryElement--mb ap-StoryText\">\u00ab\u00a0L&rsquo;ennemi m\u00e8ne de nouveau une attaque massive contre les infrastructures \u00e9nerg\u00e9tiques de l&rsquo;Ukraine. Pour cette raison, des coupures de courant d&rsquo;urgence ont \u00e9t\u00e9 mises en place dans un certains nombre de r\u00e9gions\u00a0\u00bb, a d\u00e9clar\u00e9 Svitlana Grintchouk sur Facebook.<\/p>\n<p class=\"ap-StoryElement ap-StoryElement--mb ap-StoryText\">Selon les autorit\u00e9s locales, une attaque de drones russes a fait vendredi soir un mort dans la r\u00e9gion de Zaporijjia, au sud-est du pays. Une autre attaque dans la r\u00e9gion d&rsquo;Odessa, au sud-ouest, a endommag\u00e9 une infrastructure \u00e9nerg\u00e9tique.<\/p>\n","protected":false},"excerpt":{"rendered":"\u00ab\u00a0L&rsquo;ennemi m\u00e8ne de nouveau une attaque massive contre les infrastructures \u00e9nerg\u00e9tiques de l&rsquo;Ukraine. Pour cette raison, des coupures&hellip;\n","protected":false},"author":2,"featured_media":2837,"comment_status":"","ping_status":"","sticky":false,"template":"","format":"standard","meta":{"footnotes":""},"categories":[1591],"tags":[11,2120,893,1887,1146,12,1885,1886,132,220],"class_list":{"0":"post-519561","1":"post","2":"type-post","3":"status-publish","4":"format-standard","5":"has-post-thumbnail","7":"category-russie","8":"tag-actualites","9":"tag-conflit","10":"tag-energie","11":"tag-federation-de-russie","12":"tag-guerre","13":"tag-news","14":"tag-russia","15":"tag-russian-federation","16":"tag-russie","17":"tag-ukraine"},"share_on_mastodon":{"url":"https:\/\/pubeurope.com\/@fr\/115511651626100078","error":""},"_links":{"self":[{"href":"https:\/\/www.europesays.com\/fr\/wp-json\/wp\/v2\/posts\/519561","targetHints":{"allow":["GET"]}}],"collection":[{"href":"https:\/\/www.europesays.com\/fr\/wp-json\/wp\/v2\/posts"}],"about":[{"href":"https:\/\/www.europesays.com\/fr\/wp-json\/wp\/v2\/types\/post"}],"author":[{"embeddable":true,"href":"https:\/\/www.europesays.com\/fr\/wp-json\/wp\/v2\/users\/2"}],"replies":[{"embeddable":true,"href":"https:\/\/www.europesays.com\/fr\/wp-json\/wp\/v2\/comments?post=519561"}],"version-history":[{"count":0,"href":"https:\/\/www.europesays.com\/fr\/wp-json\/wp\/v2\/posts\/519561\/revisions"}],"wp:featuredmedia":[{"embeddable":true,"href":"https:\/\/www.europesays.com\/fr\/wp-json\/wp\/v2\/media\/2837"}],"wp:attachment":[{"href":"https:\/\/www.europesays.com\/fr\/wp-json\/wp\/v2\/media?parent=519561"}],"wp:term":[{"taxonomy":"category","embeddable":true,"href":"https:\/\/www.europesays.com\/fr\/wp-json\/wp\/v2\/categories?post=519561"},{"taxonomy":"post_tag","embeddable":true,"href":"https:\/\/www.europesays.com\/fr\/wp-json\/wp\/v2\/tags?post=519561"}],"curies":[{"name":"wp","href":"https:\/\/api.w.org\/{rel}","templated":true}]}}