{"id":519564,"date":"2025-11-08T02:12:13","date_gmt":"2025-11-08T02:12:13","guid":{"rendered":"https:\/\/www.europesays.com\/fr\/519564\/"},"modified":"2025-11-08T02:12:13","modified_gmt":"2025-11-08T02:12:13","slug":"les-etats-unis-nenverront-aucun-responsable-au-g20-en-afrique-du-sud","status":"publish","type":"post","link":"https:\/\/www.europesays.com\/fr\/519564\/","title":{"rendered":"Les Etats-Unis n&rsquo;enverront aucun responsable au G20 en Afrique du sud"},"content":{"rendered":"<p>Donald Trump a annonc\u00e9 vendredi sur son r\u00e9seau Truth Social qu&rsquo;aucun responsable am\u00e9ricain ne participerait au prochain sommet du G20 en Afrique du sud. Les Etats-Unis devaient y \u00eatre repr\u00e9sent\u00e9s par le vice-pr\u00e9sident JD Vance.<\/p>\n<p>\u00ab\u00a0C&rsquo;est un scandale que le G20 se tienne en Afrique du sud\u00a0\u00bb, a \u00e9crit le pr\u00e9sident am\u00e9ricain au sujet d&rsquo;un pays qu&rsquo;il accuse sans preuve de pers\u00e9cuter et tuer des fermiers blancs. \u00ab\u00a0Aucun repr\u00e9sentant du gouvernement am\u00e9ricain ne participera tant que ces violations des droits humains continuent.\u00a0\u00bb<\/p>\n<p>Contenu externe<\/p>\n<p> Ce contenu externe ne peut pas \u00eatre affich\u00e9 car il est susceptible de collecter des donn\u00e9es personnelles. Pour voir ce contenu vous devez autoriser la cat\u00e9gorie <strong>R\u00e9seaux sociaux<\/strong>. <\/p>\n<p> Accepter Plus d&rsquo;info <\/p>\n<p>En mai \u00e0 la Maison Blanche, Donald Trump avait tenu une v\u00e9ritable embuscade au pr\u00e9sident sud-africain Cyril Ramaphosa en lui montrant une vid\u00e9o ponctu\u00e9e d&rsquo;erreurs cens\u00e9e prouver ses accusations, que l&rsquo;Afrique du sud rejette.<\/p>\n<p>Il avait ensuite annonc\u00e9 qu&rsquo;il ne se rendrait pas lui-m\u00eame au premier sommet du G20 organis\u00e9 sur le continent africain, et qu&rsquo;il se ferait repr\u00e9senter par JD Vance.<\/p>\n<p> &gt;&gt; Notre reportage du 22 mai 2025\u00a0:   <img decoding=\"async\" class=\"embed-responsive-item\" loading=\"lazy\" src=\"https:\/\/www.europesays.com\/fr\/wp-content\/uploads\/2025\/11\/vpafxn-28891937.image\" alt=\"Donald Trump a confront\u00e9 le pr\u00e9sident sud-africain \u00e0 des accusations de g\u00e9nocide\"\/>    Donald Trump a confront\u00e9 le pr\u00e9sident sud-africain \u00e0 des accusations de g\u00e9nocide \/ 12h45 \/ 2 min. \/ le 22 mai 2025 <\/p>\n<p>De la m\u00eame mani\u00e8re, le chef de la diplomatie am\u00e9ricaine Marco Rubio boude les rencontres minist\u00e9rielles du G20.<\/p>\n<p>Le G20 est compos\u00e9 de 19 pays et de deux organisations r\u00e9gionales (Union europ\u00e9enne et Union africaine) et repr\u00e9sente plus de 80% du produit int\u00e9rieur brut mondial.<\/p>\n<p>Le Nigeria \u00e9galement vis\u00e9<\/p>\n<p>Donald Trump a aussi pris pour cible un autre pays africain: le Nigeria, o\u00f9 il a agit\u00e9 la menace d&rsquo;une intervention arm\u00e9e, invoquant une pers\u00e9cution des chr\u00e9tiens.<\/p>\n<p>\u00ab\u00a0Les r\u00e9centes affirmations \u00e9trang\u00e8res laissant entendre une pers\u00e9cution religieuse syst\u00e9mique au Nigeria sont infond\u00e9es\u00a0\u00bb, a r\u00e9agi le secr\u00e9taire permanent du minist\u00e8re nig\u00e9rian des Affaires \u00e9trang\u00e8res, Dunoma Umar Ahmed.<\/p>\n<p class=\"sources\">ats\/lbl<\/p>\n","protected":false},"excerpt":{"rendered":"Donald Trump a annonc\u00e9 vendredi sur son r\u00e9seau Truth Social qu&rsquo;aucun responsable am\u00e9ricain ne participerait au prochain sommet&hellip;\n","protected":false},"author":2,"featured_media":519565,"comment_status":"","ping_status":"","sticky":false,"template":"","format":"standard","meta":{"footnotes":""},"categories":[1589],"tags":[11,879,21153,312,75,73,1866,50368,418,79,74,12,4778,316,2543,2764,1864,1865,1863,308],"class_list":{"0":"post-519564","1":"post","2":"type-post","3":"status-publish","4":"format-standard","5":"has-post-thumbnail","7":"category-etats-unis","8":"tag-actualites","9":"tag-afrique","10":"tag-chef-de-letat","11":"tag-diplomatie","12":"tag-donald-trump","13":"tag-etats-unis","14":"tag-etats-unis-damerique","15":"tag-g20","16":"tag-gouvernement","17":"tag-j-d-vance","18":"tag-monde","19":"tag-news","20":"tag-nigeria","21":"tag-politique","22":"tag-relations-internationales","23":"tag-sommet","24":"tag-united-states","25":"tag-united-states-of-america","26":"tag-us","27":"tag-usa"},"share_on_mastodon":{"url":"https:\/\/pubeurope.com\/@fr\/115511660044589684","error":""},"_links":{"self":[{"href":"https:\/\/www.europesays.com\/fr\/wp-json\/wp\/v2\/posts\/519564","targetHints":{"allow":["GET"]}}],"collection":[{"href":"https:\/\/www.europesays.com\/fr\/wp-json\/wp\/v2\/posts"}],"about":[{"href":"https:\/\/www.europesays.com\/fr\/wp-json\/wp\/v2\/types\/post"}],"author":[{"embeddable":true,"href":"https:\/\/www.europesays.com\/fr\/wp-json\/wp\/v2\/users\/2"}],"replies":[{"embeddable":true,"href":"https:\/\/www.europesays.com\/fr\/wp-json\/wp\/v2\/comments?post=519564"}],"version-history":[{"count":0,"href":"https:\/\/www.europesays.com\/fr\/wp-json\/wp\/v2\/posts\/519564\/revisions"}],"wp:featuredmedia":[{"embeddable":true,"href":"https:\/\/www.europesays.com\/fr\/wp-json\/wp\/v2\/media\/519565"}],"wp:attachment":[{"href":"https:\/\/www.europesays.com\/fr\/wp-json\/wp\/v2\/media?parent=519564"}],"wp:term":[{"taxonomy":"category","embeddable":true,"href":"https:\/\/www.europesays.com\/fr\/wp-json\/wp\/v2\/categories?post=519564"},{"taxonomy":"post_tag","embeddable":true,"href":"https:\/\/www.europesays.com\/fr\/wp-json\/wp\/v2\/tags?post=519564"}],"curies":[{"name":"wp","href":"https:\/\/api.w.org\/{rel}","templated":true}]}}