{"id":519568,"date":"2025-11-08T02:14:12","date_gmt":"2025-11-08T02:14:12","guid":{"rendered":"https:\/\/www.europesays.com\/fr\/519568\/"},"modified":"2025-11-08T02:14:12","modified_gmt":"2025-11-08T02:14:12","slug":"larmee-allemande-forme-une-equipe-dintervention-rapide-pour-combattre-le-mysterieux-drone-terrorisme","status":"publish","type":"post","link":"https:\/\/www.europesays.com\/fr\/519568\/","title":{"rendered":"L&rsquo;arm\u00e9e allemande forme une \u00e9quipe d&rsquo;intervention rapide pour combattre le myst\u00e9rieux drone terrorisme"},"content":{"rendered":"<p class=\"p5\">ARTA &#8211; L\u2019arm\u00e9e allemand forme une \u00e9quipe de r\u00e9ponse rapide pour contrer la menace des drones. Des drones terroristes sont apparus \u00e0 l\u2019a\u00e9roport belge pour entra\u00eener des confinements op\u00e9rationnels.<\/p>\n<p class=\"p6\">\u00ab Ces unit\u00e9s anti-avions sous-avions sont en cours de formation \u00bb, a d\u00e9clar\u00e9 vendredi \u00e0 Reuters le lieutenant-g\u00e9n\u00e9ral Alexander Sollf mint, qui dirige le commandement des op\u00e9rations conjointes allemandes et supervise la planification de la d\u00e9fense du pays.<\/p>\n<p class=\"p5\">r\u00e9nal : Le minist\u00e8re allemand de la D\u00e9fense a d\u00e9clar\u00e9 qu\u2019il enverrait des experts en mati\u00e8re de drones en Belgique apr\u00e8s avoir re\u00e7u une demande du pays, qui a eu du mal \u00e0 faire face \u00e0 une augmentation de l\u2019apparence de drones pr\u00e8s d\u2019installations militaires et d\u2019a\u00e9roports civils.<\/p>\n<p class=\"p5\">\u00bb Un groupe de personnel de l\u2019arm\u00e9e de l\u2019air est arriv\u00e9 en Belgique pour enqu\u00eater sur la situation et coordonner les missions provisoires impliquant la d\u00e9tection des drones et les capacit\u00e9s antidronales avec les forces belgas \u00bb, a d\u00e9clar\u00e9 le minist\u00e8re.<\/p>\n<p class=\"p5\">ronyme : \u201cLe grand groupe sera bient\u00f4t suivi\u201d (en malgache).<\/p>\n<p class=\"p6\">an a \u00e9t\u00e9 un probl\u00e8me persistant en Belgique ces derniers jours et a caus\u00e9 de lourdes perturbations dans toute l\u2019Europe ces derniers mois.<\/p>\n<p class=\"p5\">r\u00e9nal ont forc\u00e9 des a\u00e9roports de plusieurs pays, dont la Su\u00e8de, \u00e0 fermer jeudi.<\/p>\n<p class=\"p5\">ronyme. Certains responsables ont accus\u00e9 l&rsquo;incident de \u00ab\u00a0guerre hybride\u00a0\u00bb men\u00e9e par la Russie. Moscou nie qu&rsquo;il y ait une relation avec l&rsquo;incident.<\/p>\n<p class=\"p5\">fffolk a refus\u00e9 d\u2019expliquer en d\u00e9tail lorsqu\u2019il a discut\u00e9 de la nouvelle unit\u00e9 antidrone, pour des raisons de s\u00e9curit\u00e9 op\u00e9rationnelle, mais a d\u00e9clar\u00e9 que l\u2019\u00e9quipe envoy\u00e9e \u00e0 Copenhague le mois dernier lors du sommet de l\u2019Union europ\u00e9enne \u00e9tait \u00e9quip\u00e9e d\u2019une combinaison de capteurs et de r\u00e9acteurs.<\/p>\n<p class=\"p5\">\u00ab Ils ont divers syst\u00e8mes pour d\u00e9tecter et combattre les drones. Nous avons la possibilit\u00e9, par exemple, de prendre le contr\u00f4le des drones et de les atterrir dans un endroit particulier \u00bb, a d\u00e9clar\u00e9 le g\u00e9n\u00e9ral.<\/p>\n<p class=\"p5\">rons disposent \u00e9galement d\u2019un drone capable de lib\u00e9rer un filet pour capturer le drone et donc le d\u00e9verser, ainsi qu\u2019un intercepteur pouvant frapper les drones ennemis.<\/p>\n<p>The English, Chinese, Japanese, Arabic, and French versions are automatically generated by the AI. So there may still be inaccuracies in translating, please always see Indonesian as our main language.<br \/>\n                                    (system supported by DigitalSiber.id)<\/p>\n","protected":false},"excerpt":{"rendered":"ARTA &#8211; L\u2019arm\u00e9e allemand forme une \u00e9quipe de r\u00e9ponse rapide pour contrer la menace des drones. Des drones&hellip;\n","protected":false},"author":2,"featured_media":519569,"comment_status":"","ping_status":"","sticky":false,"template":"","format":"standard","meta":{"footnotes":""},"categories":[1587],"tags":[11,672,1804,1805,1803,1777,674,1801,12,1802],"class_list":{"0":"post-519568","1":"post","2":"type-post","3":"status-publish","4":"format-standard","5":"has-post-thumbnail","7":"category-allemagne","8":"tag-actualites","9":"tag-allemagne","10":"tag-bundesrepublik-deutschland","11":"tag-de","12":"tag-deutschland","13":"tag-eu","14":"tag-europe","15":"tag-germany","16":"tag-news","17":"tag-republique-federale-dallemagne"},"share_on_mastodon":{"url":"https:\/\/pubeurope.com\/@fr\/115511667601447918","error":""},"_links":{"self":[{"href":"https:\/\/www.europesays.com\/fr\/wp-json\/wp\/v2\/posts\/519568","targetHints":{"allow":["GET"]}}],"collection":[{"href":"https:\/\/www.europesays.com\/fr\/wp-json\/wp\/v2\/posts"}],"about":[{"href":"https:\/\/www.europesays.com\/fr\/wp-json\/wp\/v2\/types\/post"}],"author":[{"embeddable":true,"href":"https:\/\/www.europesays.com\/fr\/wp-json\/wp\/v2\/users\/2"}],"replies":[{"embeddable":true,"href":"https:\/\/www.europesays.com\/fr\/wp-json\/wp\/v2\/comments?post=519568"}],"version-history":[{"count":0,"href":"https:\/\/www.europesays.com\/fr\/wp-json\/wp\/v2\/posts\/519568\/revisions"}],"wp:featuredmedia":[{"embeddable":true,"href":"https:\/\/www.europesays.com\/fr\/wp-json\/wp\/v2\/media\/519569"}],"wp:attachment":[{"href":"https:\/\/www.europesays.com\/fr\/wp-json\/wp\/v2\/media?parent=519568"}],"wp:term":[{"taxonomy":"category","embeddable":true,"href":"https:\/\/www.europesays.com\/fr\/wp-json\/wp\/v2\/categories?post=519568"},{"taxonomy":"post_tag","embeddable":true,"href":"https:\/\/www.europesays.com\/fr\/wp-json\/wp\/v2\/tags?post=519568"}],"curies":[{"name":"wp","href":"https:\/\/api.w.org\/{rel}","templated":true}]}}