{"id":519579,"date":"2025-11-08T02:22:11","date_gmt":"2025-11-08T02:22:11","guid":{"rendered":"https:\/\/www.europesays.com\/fr\/519579\/"},"modified":"2025-11-08T02:22:11","modified_gmt":"2025-11-08T02:22:11","slug":"pro-d2-oyonnax-soffre-une-large-victoire-face-a-soyaux-angouleme","status":"publish","type":"post","link":"https:\/\/www.europesays.com\/fr\/519579\/","title":{"rendered":"Pro D2 \u2013 Oyonnax s\u2019offre une large victoire face \u00e0 Soyaux Angoul\u00eame"},"content":{"rendered":"<p>\n                Oyonnax se relance apr\u00e8s sa d\u00e9faite \u00e0 Aurillac la semaine derni\u00e8re. Une nouvelle fois tr\u00e8s solides \u00e0 domicile, les Oyomen ont largement domin\u00e9 une \u00e9quipe de Soyaux Angoul\u00eame d\u00e9pass\u00e9e dans les secteurs de la touche et de la m\u00eal\u00e9e (50-21). Avec sept essais inscrits, les hommes de Fabien Cibray d\u00e9crochent le bonus offensif et peuvent d\u00e9sormais regarder vers le haut du classement de la Pro D2.\n            <\/p>\n<p>\u00c0 la maison tout va bien. <a href=\"https:\/\/www.rugbyrama.fr\/2025\/11\/07\/pro-d2-oyonnax-a-des-regrets-a-chasser-13037081.php\" target=\"_self\" rel=\"nofollow noopener\">Incapable de gagner \u00e0 l\u2019ext\u00e9rieur depuis le d\u00e9but de la saison<\/a>, Oyonnax continue en revanche d\u2019engranger les points dans son antre de Charles Mathon. Dans un match d\u00e9j\u00e0 tr\u00e8s important pour la suite de la saison, les hommes de Fabien Cibray ont d\u00e9croch\u00e9 un large succ\u00e8s face \u00e0 Soyaux Angoul\u00eame (50-21), pourtant en forme avant la rencontre. <a href=\"https:\/\/www.rugbyrama.fr\/resultats\/rugby\/pro-d2\/classements\" target=\"_self\" rel=\"nofollow noopener\">Une victoire qui permet aux Oyomen de regarder vers le haut du classement.<\/a><\/p>\n<p>Le pack fait la diff\u00e9rence<\/p>\n<p>\u00ab\u00a0Plomb\u00e9 par son indiscipline\u00a0\u00bb <a href=\"https:\/\/www.rugbyrama.fr\/2025\/11\/02\/pro-d2-aurillac-oyonnax-les-aurillacois-remportent-la-guerre-des-nerfs-13028962.php\" target=\"_self\" rel=\"nofollow noopener\">\u00e0 Aurillac la semaine derni\u00e8re<\/a>, selon Fabien Cibray, Oyonnax\u00a0retrouve souvent\u00a0de la ma\u00eetrise d\u00e8s son retour \u00e0 Charles Mathon. Seulement battus par <a href=\"https:\/\/www.rugbyrama.fr\/resultats\/rugby\/pro-d2\/phase-reguliere\/rencontre\/55731\/oyonnax-grenoble\" target=\"_self\" rel=\"nofollow noopener\">Grenoble<\/a> cette saison, les Oyomen ont d\u00e9j\u00e0 prouv\u00e9 plusieurs fois leur r\u00e9silience \u00e0 domicile en s\u2019offrant plusieurs cadors comme Colomiers, Valence Romans ou <a href=\"https:\/\/www.rugbyrama.fr\/resultats\/rugby\/pro-d2\/phase-reguliere\/rencontre\/55677\/oyonnax-provence-rugby\" target=\"_self\" rel=\"nofollow noopener\">Provence Rugby<\/a>.<\/p>\n<p>Et\u00a0ce match face \u00e0 Soyaux Angoul\u00eame, <a href=\"https:\/\/www.rugbyrama.fr\/2025\/10\/30\/pro-d2-grace-a-un-full-house-de-berges-soyaux-angouleme-fait-craquer-grenoble-13024525.php\" target=\"_self\" rel=\"nofollow noopener\">qui restait\u00a0sur deux victoires cons\u00e9cutives<\/a>, ne d\u00e9rogeait pas \u00e0 la r\u00e8gle. Dominants dans tous les impacts, Mensa et sa troupe occupaient\u00a0le camp adverse. D\u2019abord en manque de justesse dans la zone de marque, \u00ab\u00a0Oyo\u00a0\u00bb trouvait de la ma\u00eetrise gr\u00e2ce \u00e0 la puissance de ses avants et aux\u00a0erreurs du SAXV. Sur une perte de balle de Berges, Stark signait le premier essai en contre-attaque (10-0, 17e).<\/p>\n<p><strong>\u00c0 lire aussi \u2013 <a href=\"https:\/\/www.rugbyrama.fr\/2025\/11\/07\/direct-pro-d2-oyonnax-soyaux-angouleme-suivez-le-match-de-la-10eme-journee-13039584.php\" target=\"_self\" rel=\"nofollow noopener\">R<\/a><a href=\"https:\/\/www.rugbyrama.fr\/2025\/11\/07\/direct-pro-d2-oyonnax-soyaux-angouleme-suivez-le-match-de-la-10eme-journee-13039584.php\" target=\"_self\" rel=\"nofollow noopener\">evivez la victoire autoritaire d\u2019Oyo<\/a><\/strong><\/p>\n<p>Domin\u00e9s en touche et en m\u00eal\u00e9e, les Angoumoisins restaient bloqu\u00e9s dans leur camp tout le premier acte. Et logiquement, ils finissaient par\u00a0conc\u00e9der d\u2019autres\u00a0occasions.\u00a0Imp\u00e9rial, Cassiem marquait en force avec deux d\u00e9fenseurs sur le dos (17-0, 26e), avant d\u2019offrir un essai \u00e0 Bouraux (24-0, 32e). Le bonus offensif d\u00e9j\u00e0 acquis, les Oyonnaxiens continuaient d\u2019appuyer sur l\u2019acc\u00e9l\u00e9rateur. Apr\u00e8s une perc\u00e9e de Rabut, Qadiri accentuait encore l\u2019\u00e9cart (31-0).<\/p>\n<p>La courte r\u00e9action de Soyaux Angoul\u00eame<\/p>\n<p>Apr\u00e8s de nombreuses touches perdues, Soyaux Angoul\u00eame parvenait enfin \u00e0 ajuster\u00a0la mire dans ce secteur. Sur la sir\u00e8ne, et pour leur premi\u00e8re v\u00e9ritable incursion dans les 22 m\u00e8tres adverses, les hommes d\u2019Alexandre Ruiz relan\u00e7aient la partie avec une charge de\u00a0Niusalelekitoga (31-7, MT).<\/p>\n<p>En d\u00e9but de seconde p\u00e9riode, le SAXV poursuivait sur sa bonne dynamique, port\u00e9 par quelques changements. Tout juste entr\u00e9 en jeu, Escoffre concluait <a href=\"https:\/\/www.rugbyrama.fr\/2025\/11\/02\/pro-d2-soyaux-angouleme-les-belles-promesses-de-berges-13028959.php\" target=\"_self\" rel=\"nofollow noopener\">un mouvement en premi\u00e8re main initi\u00e9 par Berges <\/a>(31-14, 46e). On pensait alors le match relanc\u00e9, mais Mitu \u00e9copait d\u2019un carton jaune pour avoir \u00e9croul\u00e9 un ballon port\u00e9 (51e), et Oyonnax en profitait pour reprendre le large gr\u00e2ce \u00e0 la force\u00a0de Villar et de ses co\u00e9quipiers (38-14, 54e).<\/p>\n<p><strong>\u00c0 lire aussi \u2013 <a href=\"https:\/\/www.rugbyrama.fr\/2025\/11\/07\/pro-d2-les-resultats-de-la-soiree-biarritz-confirme-son-embellie-le-gros-coup-de-provence-rugby-13040025.php\" target=\"_self\" rel=\"nofollow noopener\">Les r\u00e9sultats de la 10e journ\u00e9e\u00a0: Biarritz confirme son embellie, le gros coup de Provence Rugby<\/a><\/strong><\/p>\n<p>D\u00e9pass\u00e9s, les Angoumoisins connaissaient un \u00e9norme trou d\u2019air, et les locaux r\u00e9galaient leurs supporters avec des deux\u00a0nouvelles r\u00e9alisations, sign\u00e9es Narisia (43-14, 61e) et Mensa (50-14, 68e). Une inspiration de Berges permettait toutefois\u00a0\u00e0 Mey de sauver l\u2019honneur des Charentais (50-21, fin).<\/p>\n<p>Ce festival offensif permet \u00e0 Oyonnax de remonter au classement et de <a href=\"https:\/\/www.rugbyrama.fr\/resultats\/rugby\/pro-d2\/calendrier\" target=\"_self\" rel=\"nofollow noopener\">pr\u00e9parer sereinement son match\u00a0\u00e0 Agen<\/a>, la semaine prochaine. Soyaux Angoul\u00eame enchainera de son c\u00f4t\u00e9 un nouveau d\u00e9placement\u00a0\u00e0 Mont de Marsan.<\/p>\n","protected":false},"excerpt":{"rendered":"Oyonnax se relance apr\u00e8s sa d\u00e9faite \u00e0 Aurillac la semaine derni\u00e8re. Une nouvelle fois tr\u00e8s solides \u00e0 domicile,&hellip;\n","protected":false},"author":2,"featured_media":519580,"comment_status":"","ping_status":"","sticky":false,"template":"","format":"standard","meta":{"footnotes":""},"categories":[1416],"tags":[1011,27,479,1468,60],"class_list":{"0":"post-519579","1":"post","2":"type-post","3":"status-publish","4":"format-standard","5":"has-post-thumbnail","7":"category-rugby","8":"tag-fr","9":"tag-france","10":"tag-rugby","11":"tag-rugby-football","12":"tag-sports"},"share_on_mastodon":{"url":"https:\/\/pubeurope.com\/@fr\/115511698679213610","error":""},"_links":{"self":[{"href":"https:\/\/www.europesays.com\/fr\/wp-json\/wp\/v2\/posts\/519579","targetHints":{"allow":["GET"]}}],"collection":[{"href":"https:\/\/www.europesays.com\/fr\/wp-json\/wp\/v2\/posts"}],"about":[{"href":"https:\/\/www.europesays.com\/fr\/wp-json\/wp\/v2\/types\/post"}],"author":[{"embeddable":true,"href":"https:\/\/www.europesays.com\/fr\/wp-json\/wp\/v2\/users\/2"}],"replies":[{"embeddable":true,"href":"https:\/\/www.europesays.com\/fr\/wp-json\/wp\/v2\/comments?post=519579"}],"version-history":[{"count":0,"href":"https:\/\/www.europesays.com\/fr\/wp-json\/wp\/v2\/posts\/519579\/revisions"}],"wp:featuredmedia":[{"embeddable":true,"href":"https:\/\/www.europesays.com\/fr\/wp-json\/wp\/v2\/media\/519580"}],"wp:attachment":[{"href":"https:\/\/www.europesays.com\/fr\/wp-json\/wp\/v2\/media?parent=519579"}],"wp:term":[{"taxonomy":"category","embeddable":true,"href":"https:\/\/www.europesays.com\/fr\/wp-json\/wp\/v2\/categories?post=519579"},{"taxonomy":"post_tag","embeddable":true,"href":"https:\/\/www.europesays.com\/fr\/wp-json\/wp\/v2\/tags?post=519579"}],"curies":[{"name":"wp","href":"https:\/\/api.w.org\/{rel}","templated":true}]}}