{"id":519581,"date":"2025-11-08T02:23:15","date_gmt":"2025-11-08T02:23:15","guid":{"rendered":"https:\/\/www.europesays.com\/fr\/519581\/"},"modified":"2025-11-08T02:23:15","modified_gmt":"2025-11-08T02:23:15","slug":"lorenzo-musetti-sen-sort-face-a-sebastian-korda-et-jouera-sa-place-aux-finales-atp-lors-de-la-finale-de-latp-250-dathenes-contre-novak-djokovic-lequipe","status":"publish","type":"post","link":"https:\/\/www.europesays.com\/fr\/519581\/","title":{"rendered":"Lorenzo Musetti s&#039;en sort face \u00e0 Sebastian Korda et jouera sa place aux Finales ATP lors de la finale de l&#039;ATP 250 d&#039;Ath\u00e8nes contre Novak Djokovic &#8211; L&#039;\u00c9quipe"},"content":{"rendered":"<ol>\n<li><a href=\"https:\/\/news.google.com\/rss\/articles\/CBMioAJBVV95cUxQVTlWa0o0RXctV1p4WkVzOWRBSEdfcUVMaHhHQTlLWmxJbDM0cENqcHo3LUlvQXN2RGJ6cDIwdjR1alByclhCclFMdGJVV0dnRUF2WjA4YWtXajZPZ1p0QUpEQkZNTTJuejV6dnFGWUxuSngzNDlQWUZBNUQ5OTByUU1xT0hDNkxLWnlpOGc3VkxzVFNTUDdOWTVoamhwTVhuV0NvQ3VTQ3Jpak5TNF9Tb19xQS02VWJTNDdnVFBMLUNDYlFLMUdUZWR3VkNDVmxnaFFNcTRtajlScDRjSWw3Y25KM29UOXJva0hhT3p6ekNQM0tGYUU3c0s2OUcyQzVDT3pvNld0M0k0UEdMME1VMmZVUkpYalBsM2pnUXNTaUE?oc=5\" target=\"_blank\" rel=\"nofollow noopener\">Lorenzo Musetti s&rsquo;en sort face \u00e0 Sebastian Korda et jouera sa place aux Finales ATP lors de la finale de l&rsquo;ATP 250 d&rsquo;Ath\u00e8nes contre Novak Djokovic<\/a>&nbsp;&nbsp;L&rsquo;\u00c9quipe<\/li>\n<li><a href=\"https:\/\/news.google.com\/rss\/articles\/CBMiygFBVV95cUxQaTFEQ3g4WVZPWkJJMFgwVktibVA4eXdpUmJQdy1vRmdpZDlaYTJ0Y3NacHBpeV9td2xjRjNxbklhaW5DMHJyaktVUk9iZUJlYmFRQ2JReUpTbFBkSUQxS0VRRVZKTzducjZzUkJKWVN1LWdYSENuWFUySThXZXFFbTVLcnM2VTNES0EtaFU2Qkt5QThJdkhOX1dKeGhVUXloSVdDVk9XVVBrQ291Q296aUFwcVpsYlpFWlBQTmFDTmloemNCNEVCcjdB?oc=5\" target=\"_blank\" rel=\"nofollow noopener\">R\u00e9sultat : Sebastian Korda &#8211; Lorenzo Musetti, ATP 250, Ath\u00e8nes, Demi-finales, Vendredi 07 novembre 2025<\/a>&nbsp;&nbsp;L&rsquo;\u00c9quipe<\/li>\n<li><a href=\"https:\/\/news.google.com\/rss\/articles\/CBMirwFBVV95cUxQU3pOSFFoNVNNQ05yOUg1RTloQ0lzNERxMmo1Nm9mUVE4WnQxODh2T21ZMnA2T0czdm1WTG4tOHpaOFlQZkhEWDhlQ0JTaDNXa01jS2Y5VUo0Z25vUkJzY2lCWnBMS1Q2aWhYb25BeUtpeklKMklOdzkwLVNtR3RFN1ZTcDkxRWp6NjFYVkJaVjFzemRnS3lOSzd2M21HeFhsa000cEZHTkZoNVc5N1dz?oc=5\" target=\"_blank\" rel=\"nofollow noopener\">Tennis : Musetti \u00e9carte M\u00fcller \u00e0 Ath\u00e8nes et peut encore croire au Masters, Djokovic en demi-finale \u00e9galement<\/a>&nbsp;&nbsp;lefigaro.fr<\/li>\n<li><a href=\"https:\/\/news.google.com\/rss\/articles\/CBMi3gFBVV95cUxPOFhXbnJPQ0V2Q1ktVG4wdExpdXJWYUFscUlKSkZ1ZHA1MmcxZlpVaTQzaTZWZkJNUEo4d3MyUVo5Z2syOGs2bVBwcEVlVlBHUVNxSmRaVGNGVHhBS2V4bG9ZN2l1bHFMUzVxaVdGTjEzRDA0eUNYV1lQeE91M0NWblJ3M1gwVmtuTENJRE5mNW9kb2NvYS1iRU0tY01ZOXNwNWxqUC0zLVlWM09RdjJxZUt1ZHdzY3E4QUpsV2RzcGxlekwzSzZ4bDM2WFNQd1ZUV2M2STR2RE1mUmlxckHSAdwBQVVfeXFMTkctWmxyTVk1dEtLbEhSb3FuU081Ukk4aHBuX0llMlJzdnpEa1JtWFdpNFNIUU96d1d0aFk5OU82MDZhVzZCSHF2S0tZUS1jTGM1eldybFkybk9YRkpEbnZJellFcDVKd0NTTjFPUDYwNnQyN2NsN0xxSE9mclhvMWo4eldDd0Nfd0ZrclZuTVhyUlpnMGVZOWFBSkhmTTRSaFFDclJOdVYwbi03QnJhd0l1a2ZUT2U3NjdBNjJtWjQ2YUd6Qmo5SktJY3hHYnNDaG0zY3RIX1cwMjktMg?oc=5\" target=\"_blank\" rel=\"nofollow noopener\">ATP &#8211; Ath\u00e8nes : Musetti rejoint Djokovic en finale et reste en course pour le Masters : Sports &#8211; Orange<\/a>&nbsp;&nbsp;Sports &#8211; Orange<\/li>\n<li><a href=\"https:\/\/news.google.com\/rss\/articles\/CBMi-AFBVV95cUxPT1hvTmpnZGF3U2tSaXdBa2QwVDMzYXJtN2NoaDdKcjRlMUZVdlJjcjBLVHZoelZ0NGh4TkpSWTdTU0lMbEt4THpfLUJKZ2UwNVVYdjgtVnhINTlhYnZ6YnlfbDhSNWhmS0pvV20yVXNaZmFUQ3dRT2VNZGZyWWR0d2JNRlF1NTRsSktZMmhyOFRsUktLMlJfaHpMTk1JV3pFMmNJbjBzRmVpU1lYZjZTX2hkRDJOTXVHamZ1anRPY3hEMjBXQmhsUWlKNVdwRVJ6U0NzdmE1WEZGd0xrRjhjSmM5aG9sMk5fWHBMVzVXNmtRVnV0Zk9TUA?oc=5\" target=\"_blank\" rel=\"nofollow noopener\">Tennis. Alexandre M\u00fcller stopp\u00e9 en quarts de finale de l\u2019ATP 250 d\u2019Ath\u00e8nes par Lorenzo Musetti<\/a>&nbsp;&nbsp;Ouest-France<\/li>\n<\/ol>\n","protected":false},"excerpt":{"rendered":"Lorenzo Musetti s&rsquo;en sort face \u00e0 Sebastian Korda et jouera sa place aux Finales ATP lors de la&hellip;\n","protected":false},"author":2,"featured_media":519582,"comment_status":"","ping_status":"","sticky":false,"template":"","format":"standard","meta":{"footnotes":""},"categories":[1415],"tags":[1011,27,60,1467],"class_list":{"0":"post-519581","1":"post","2":"type-post","3":"status-publish","4":"format-standard","5":"has-post-thumbnail","7":"category-tennis","8":"tag-fr","9":"tag-france","10":"tag-sports","11":"tag-tennis"},"share_on_mastodon":{"url":"https:\/\/pubeurope.com\/@fr\/115511702536921845","error":""},"_links":{"self":[{"href":"https:\/\/www.europesays.com\/fr\/wp-json\/wp\/v2\/posts\/519581","targetHints":{"allow":["GET"]}}],"collection":[{"href":"https:\/\/www.europesays.com\/fr\/wp-json\/wp\/v2\/posts"}],"about":[{"href":"https:\/\/www.europesays.com\/fr\/wp-json\/wp\/v2\/types\/post"}],"author":[{"embeddable":true,"href":"https:\/\/www.europesays.com\/fr\/wp-json\/wp\/v2\/users\/2"}],"replies":[{"embeddable":true,"href":"https:\/\/www.europesays.com\/fr\/wp-json\/wp\/v2\/comments?post=519581"}],"version-history":[{"count":0,"href":"https:\/\/www.europesays.com\/fr\/wp-json\/wp\/v2\/posts\/519581\/revisions"}],"wp:featuredmedia":[{"embeddable":true,"href":"https:\/\/www.europesays.com\/fr\/wp-json\/wp\/v2\/media\/519582"}],"wp:attachment":[{"href":"https:\/\/www.europesays.com\/fr\/wp-json\/wp\/v2\/media?parent=519581"}],"wp:term":[{"taxonomy":"category","embeddable":true,"href":"https:\/\/www.europesays.com\/fr\/wp-json\/wp\/v2\/categories?post=519581"},{"taxonomy":"post_tag","embeddable":true,"href":"https:\/\/www.europesays.com\/fr\/wp-json\/wp\/v2\/tags?post=519581"}],"curies":[{"name":"wp","href":"https:\/\/api.w.org\/{rel}","templated":true}]}}