{"id":519583,"date":"2025-11-08T02:27:12","date_gmt":"2025-11-08T02:27:12","guid":{"rendered":"https:\/\/www.europesays.com\/fr\/519583\/"},"modified":"2025-11-08T02:27:12","modified_gmt":"2025-11-08T02:27:12","slug":"cest-un-signal-terrible-envers-les-clubs","status":"publish","type":"post","link":"https:\/\/www.europesays.com\/fr\/519583\/","title":{"rendered":"C&rsquo;est un signal terrible envers les clubs"},"content":{"rendered":"<p>            Par<br \/>\n        <strong><br \/>\n            <a href=\"https:\/\/actu.fr\/auteur\/nathan-blouin\" title=\"Consulter tous les articles de Nathan Blouin\" rel=\"nofollow noopener\" target=\"_blank\">Nathan Blouin<\/a><br \/>\n        <\/strong><\/p>\n<p>        Publi\u00e9 le<\/p>\n<p>            7 nov. 2025 \u00e0 19h50        <\/p>\n<p>Partag\u00e9 \u00e0 foison \u00e0 travers les r\u00e9seaux sociaux, le message post\u00e9 mercredi 5 novembre 2025 a <b>fait le tour du milieu du cyclisme normand<\/b>. <br \/>Celui du<b> V\u00e9lo Club du Bocage<\/b> (VCB) de <a href=\"https:\/\/actu.fr\/normandie\/vire-normandie_14762\" rel=\"nofollow noopener\" target=\"_blank\">Vire<\/a>, expliquant qu\u2019un coureur du grand prix des jumelages de mai dernier <a href=\"https:\/\/actu.fr\/normandie\/vire-normandie_14762\/en-normandie-un-club-de-velo-poursuivi-par-un-coureur-apres-une-chute-ca-plombe-le-moral-de-tout-le-monde_63406035.html\" rel=\"nofollow noopener\" target=\"_blank\">avait port\u00e9 plainte contre le club, et par extension son pr\u00e9sident Jacky Laville, pour manquement d\u00e9lib\u00e9r\u00e9 \u00e0 la s\u00e9curit\u00e9, apr\u00e8s une chute<\/a>. La proc\u00e9dure a donc suivi son cours depuis, menant \u00e0 <b>l\u2019audition <\/b>du pr\u00e9sident, six mois apr\u00e8s les faits.<br \/>Si cela fait du bruit dans le milieu du cyclisme, c\u2019est aussi parce que cela met en relief<b> la difficult\u00e9 d\u2019organiser des courses aujourd\u2019hui <\/b>et plus globalement <b>d\u2019attirer de nouveaux b\u00e9n\u00e9voles<\/b> pr\u00eats \u00e0 s\u2019engager dans les associations. <br \/>\u00ab\u00a0Et ce n\u2019est pas ce genre de choses qui va am\u00e9liorer la situation\u00a0\u00bb, r\u00e9agit Bernard Sineux, le pr\u00e9sident du comit\u00e9 de Normandie de cyclisme.<\/p>\n<p>Moins de courses, des causes multiples<\/p>\n<p class=\" wall-content\">Cee n\u2019est pas un secret que les courses cyclistes ont<b> d\u00e9j\u00e0 tendance \u00e0 se rar\u00e9fier<\/b> ces derni\u00e8res ann\u00e9es, y compris dans cette grande r\u00e9gion de cyclisme. Les causes pouvant expliquer cette tendance sont <b>multiples<\/b>.<\/p>\n<blockquote class=\"ac-article-quote wall-content\">\n<p>C\u2019est s\u00fbr qu\u2019avec les mesures de s\u00e9curit\u00e9 \u00e0 appliquer, ce n\u2019est pas facile d\u2019en organiser. Il y a plus de r\u00e9glementations qu\u2019avant, on est sur la voie publique, il y a le mobilier urbain \u00e0 prendre en compte, les motards \u00e0 avoir pour encadrer le peloton\u2026 Et m\u00eame apr\u00e8s tout \u00e7a, on reste \u00e0 la merci d\u2019un automobiliste qui arrive d\u2019un coup \u00e0 contresens.<\/p>\n<p>Bernard Sineux, pr\u00e9sident du comit\u00e9 de Normandie de cyclisme<\/p><\/blockquote>\n<p>\u00ab\u00a0Il faut que les coureurs nous aident aussi\u00a0\u00bb<\/p>\n<p class=\" wall-content\">Et il y a donc aussi la question des b\u00e9n\u00e9voles, que le monde associatif \u2013 bien au-del\u00e0 du cyclisme \u2013 peine \u00e0 attirer \u00e0 attirer pour renouveler ses membres. Et dans le cas du v\u00e9lo, cela limite \u00e9videmment ensuite la possibilit\u00e9 d\u2019action et d\u2019organisation d\u2019\u00e9v\u00e9nement.<\/p>\n<blockquote class=\"ac-article-quote wall-content\">\n<p>Cette plainte va nous inciter \u00e0 \u00eatre encore plus vigilant. Mais il faut bien comprendre qu\u2019en \u00e9tant sur la voie publique, il y aura toujours un risque, m\u00eame si on constate que les gens sont moins r\u00e9ceptifs aux contraintes qu\u2019avant. Il faut peut-\u00eatre aussi plus sensibiliser les coureurs, leur expliquer que le risque 0 n\u2019existe pas, il faut qu\u2019ils nous aident aussi.<\/p>\n<\/blockquote>\n<p>\u00ab\u00a0\u00c7a va finir par faire peur\u00a0\u00bb<\/p>\n<p class=\" wall-content\">Car pour l\u2019heure, le pr\u00e9sident du comit\u00e9 normand craint le message qui serait envoy\u00e9 aux clubs et \u00e0 leurs b\u00e9n\u00e9voles si l\u2019affaire du VCB devait donner tort au club virois. Jacky Laville a d\u2019ailleurs <a href=\"https:\/\/actu.fr\/normandie\/vire-normandie_14762\/en-normandie-un-club-de-velo-poursuivi-par-un-coureur-apres-une-chute-ca-plombe-le-moral-de-tout-le-monde_63406035.html\" rel=\"nofollow noopener\" target=\"_blank\">d\u00e9clar\u00e9 qu\u2019auquel cas, il \u00ab\u00a0arr\u00eaterait tout\u00a0\u00bb<\/a>.<\/p>\n<p>Votre r\u00e9gion, votre actu !<\/p>\n<p>Recevez chaque jour les infos qui comptent pour vous.<\/p>\n<p>\t<a href=\"https:\/\/actu.fr\/newsletter\" class=\"ac-btn ac-btn--corner ac-btn--medium ac-btn--blue800\" rel=\"nofollow noopener\" target=\"_blank\">S&rsquo;incrire<\/a><\/p>\n<blockquote class=\"ac-article-quote wall-content\">\n<p>\u00c7a va finir par faire peur, les gens ne voudront plus s\u2019engager. L\u00e0, si \u00e7a va plus loin, c\u2019est un signal terrible envers les clubs, ils arr\u00eateraient les uns apr\u00e8s les autres.<\/p>\n<\/blockquote>\n<p class=\" wall-content\">Bernard Sineux reste toutefois <b>optimiste<\/b>, lui qui a d\u00e9j\u00e0 connu un cas similaire \u00e0 <a href=\"https:\/\/actu.fr\/normandie\/flers_61169\" rel=\"nofollow noopener\" target=\"_blank\">Flers<\/a>, dont l\u2019enqu\u00eate s\u2019\u00e9tait conclue en sa faveur.<\/p>\n<blockquote class=\"ac-article-quote wall-content\">\n<p>Je sais combien c\u2019est choquant, la prise d\u2019empreinte, les photos\u2026 J\u2019ai appel\u00e9 Jacky hier, et le comit\u00e9 a fait tout ce qu\u2019il fallait au niveau juridique, on sera l\u00e0 pour le soutenir au maximum.<\/p>\n<\/blockquote>\n<p class=\" wall-content\">Personnalisez votre actualit\u00e9 en ajoutant vos villes et m\u00e9dias en favori avec <a href=\"https:\/\/moncompte.actu.fr\" title=\"D\u00e9couvez Mon Actu\" rel=\"nofollow noopener\" data-trk=\"{&quot;cta&quot;:{&quot;action&quot;:&quot;https:\\\/\\\/moncompte.actu.fr&quot;,&quot;category&quot;:&quot;mon compte&quot;,&quot;from&quot;:&quot;article footer&quot;,&quot;name&quot;:&quot;Mon actu&quot;,&quot;type&quot;:&quot;cta&quot;}}\" target=\"_blank\">Mon Actu<\/a>.<\/p>\n","protected":false},"excerpt":{"rendered":"Par Nathan Blouin Publi\u00e9 le 7 nov. 2025 \u00e0 19h50 Partag\u00e9 \u00e0 foison \u00e0 travers les r\u00e9seaux sociaux,&hellip;\n","protected":false},"author":2,"featured_media":519584,"comment_status":"","ping_status":"","sticky":false,"template":"","format":"standard","meta":{"footnotes":""},"categories":[1411],"tags":[5164,1154,207,1011,27,60],"class_list":{"0":"post-519583","1":"post","2":"type-post","3":"status-publish","4":"format-standard","5":"has-post-thumbnail","7":"category-cyclisme","8":"tag-calvados","9":"tag-cycling","10":"tag-cyclisme","11":"tag-fr","12":"tag-france","13":"tag-sports"},"share_on_mastodon":{"url":"https:\/\/pubeurope.com\/@fr\/115511718289645100","error":""},"_links":{"self":[{"href":"https:\/\/www.europesays.com\/fr\/wp-json\/wp\/v2\/posts\/519583","targetHints":{"allow":["GET"]}}],"collection":[{"href":"https:\/\/www.europesays.com\/fr\/wp-json\/wp\/v2\/posts"}],"about":[{"href":"https:\/\/www.europesays.com\/fr\/wp-json\/wp\/v2\/types\/post"}],"author":[{"embeddable":true,"href":"https:\/\/www.europesays.com\/fr\/wp-json\/wp\/v2\/users\/2"}],"replies":[{"embeddable":true,"href":"https:\/\/www.europesays.com\/fr\/wp-json\/wp\/v2\/comments?post=519583"}],"version-history":[{"count":0,"href":"https:\/\/www.europesays.com\/fr\/wp-json\/wp\/v2\/posts\/519583\/revisions"}],"wp:featuredmedia":[{"embeddable":true,"href":"https:\/\/www.europesays.com\/fr\/wp-json\/wp\/v2\/media\/519584"}],"wp:attachment":[{"href":"https:\/\/www.europesays.com\/fr\/wp-json\/wp\/v2\/media?parent=519583"}],"wp:term":[{"taxonomy":"category","embeddable":true,"href":"https:\/\/www.europesays.com\/fr\/wp-json\/wp\/v2\/categories?post=519583"},{"taxonomy":"post_tag","embeddable":true,"href":"https:\/\/www.europesays.com\/fr\/wp-json\/wp\/v2\/tags?post=519583"}],"curies":[{"name":"wp","href":"https:\/\/api.w.org\/{rel}","templated":true}]}}