{"id":519585,"date":"2025-11-08T02:28:13","date_gmt":"2025-11-08T02:28:13","guid":{"rendered":"https:\/\/www.europesays.com\/fr\/519585\/"},"modified":"2025-11-08T02:28:13","modified_gmt":"2025-11-08T02:28:13","slug":"ligue-1-le-psg-sinteresse-a-la-nouvelle-pepite-de-rennes","status":"publish","type":"post","link":"https:\/\/www.europesays.com\/fr\/519585\/","title":{"rendered":"Ligue 1, le PSG s&rsquo;int\u00e9resse \u00e0 la nouvelle p\u00e9pite de Rennes"},"content":{"rendered":"<p>Du c\u00f4t\u00e9 de la capitale, la strat\u00e9gie est claire : pr\u00e9parer l\u2019avenir tout en maintenant un \u0153il attentif sur les talents nationaux. Luis Enrique, adepte d\u2019un jeu bas\u00e9 sur la mobilit\u00e9 et la polyvalence, n\u2019a pas encore tranch\u00e9 sur le profil de l\u2019avant-centre id\u00e9al. Mais la progression de Kader Me\u00eft\u00e9, son sens du but et sa maturit\u00e9 pourraient rapidement \u00e9veiller l\u2019int\u00e9r\u00eat de l\u2019entra\u00eeneur espagnol, surtout si le jeune Rennais continue sur cette lanc\u00e9e.<\/p>\n<p>Pour le PSG, il ne s\u2019agit donc pas d\u2019un recrutement imm\u00e9diat, mais bien d\u2019un travail de fond. Les premiers contacts devraient viser \u00e0 \u00e9tablir une relation de confiance avec l\u2019entourage du joueur. \u00c0 seulement 18 ans, Kader Me\u00eft\u00e9 incarne l\u2019un des grands espoirs du football fran\u00e7ais et symbolise parfaitement la nouvelle direction sportive souhait\u00e9e par Luis Campos.<\/p>\n","protected":false},"excerpt":{"rendered":"Du c\u00f4t\u00e9 de la capitale, la strat\u00e9gie est claire : pr\u00e9parer l\u2019avenir tout en maintenant un \u0153il attentif&hellip;\n","protected":false},"author":2,"featured_media":519586,"comment_status":"","ping_status":"","sticky":false,"template":"","format":"standard","meta":{"footnotes":""},"categories":[1410],"tags":[63,1011,27,66,2428,64055,64054,1434,445,64056,91,584,60,28401],"class_list":{"0":"post-519585","1":"post","2":"type-post","3":"status-publish","4":"format-standard","5":"has-post-thumbnail","7":"category-football","8":"tag-football","9":"tag-fr","10":"tag-france","11":"tag-ligue-1","12":"tag-lyon","13":"tag-lyon-vs-paris-saint-germain","14":"tag-m-meite","15":"tag-mercato","16":"tag-paris-fc","17":"tag-paris-fc-vs-rennes","18":"tag-paris-saint-germain","19":"tag-rennes","20":"tag-sports","21":"tag-transfers"},"share_on_mastodon":{"url":"https:\/\/pubeurope.com\/@fr\/115511722307910901","error":""},"_links":{"self":[{"href":"https:\/\/www.europesays.com\/fr\/wp-json\/wp\/v2\/posts\/519585","targetHints":{"allow":["GET"]}}],"collection":[{"href":"https:\/\/www.europesays.com\/fr\/wp-json\/wp\/v2\/posts"}],"about":[{"href":"https:\/\/www.europesays.com\/fr\/wp-json\/wp\/v2\/types\/post"}],"author":[{"embeddable":true,"href":"https:\/\/www.europesays.com\/fr\/wp-json\/wp\/v2\/users\/2"}],"replies":[{"embeddable":true,"href":"https:\/\/www.europesays.com\/fr\/wp-json\/wp\/v2\/comments?post=519585"}],"version-history":[{"count":0,"href":"https:\/\/www.europesays.com\/fr\/wp-json\/wp\/v2\/posts\/519585\/revisions"}],"wp:featuredmedia":[{"embeddable":true,"href":"https:\/\/www.europesays.com\/fr\/wp-json\/wp\/v2\/media\/519586"}],"wp:attachment":[{"href":"https:\/\/www.europesays.com\/fr\/wp-json\/wp\/v2\/media?parent=519585"}],"wp:term":[{"taxonomy":"category","embeddable":true,"href":"https:\/\/www.europesays.com\/fr\/wp-json\/wp\/v2\/categories?post=519585"},{"taxonomy":"post_tag","embeddable":true,"href":"https:\/\/www.europesays.com\/fr\/wp-json\/wp\/v2\/tags?post=519585"}],"curies":[{"name":"wp","href":"https:\/\/api.w.org\/{rel}","templated":true}]}}