{"id":519591,"date":"2025-11-08T02:32:13","date_gmt":"2025-11-08T02:32:13","guid":{"rendered":"https:\/\/www.europesays.com\/fr\/519591\/"},"modified":"2025-11-08T02:32:13","modified_gmt":"2025-11-08T02:32:13","slug":"star-academy-elle-est-sous-substance-edith-piaf-doit-bien-rire-elle-a-completement-gache-la-chanson-cest-quoi-ce-sabotage-la-prestation-de-zaz-en-duo-avec-sarah-provoque-un-tolle-c","status":"publish","type":"post","link":"https:\/\/www.europesays.com\/fr\/519591\/","title":{"rendered":"Star Academy &#8211; \u00ab\u00a0Elle est sous substance ?\u00a0\u00bb, \u00ab\u00a0\u00c9dith Piaf doit bien rire\u00a0\u00bb, \u00ab\u00a0Elle a compl\u00e8tement g\u00e2ch\u00e9 la chanson\u00a0\u00bb, \u00ab\u00a0C&rsquo;est quoi ce sabotage ?\u00a0\u00bb : La prestation de Zaz en duo avec Sarah provoque un toll\u00e9 chez les internautes"},"content":{"rendered":"<p class=\"mb-4 text-lg md:leading-8 break-words\">La \u00ab\u00a0<a data-i13n=\"cpos:1;pos:1\" href=\"https:\/\/fr.news.yahoo.com\/star-academy-charlotte-et-ed-qui-sauvent-ce-quils-peuvent-cest-plus-shape-of-you-cest-shame-on-you--la-collegiale-sur-le-tube-ded-sheeran-vire-au-fiasco-pour-les-internautes-211500956.html\" data-ylk=\"slk:Star Academy;cpos:1;pos:1;elm:context_link;itc:0;sec:content-canvas;outcm:mb_qualified_link;_E:mb_qualified_link;ct:story;\" class=\"link  yahoo-link\" target=\"_blank\" rel=\"noopener\">Star Academy<\/a>\u00a0\u00bb garde sa formule magique intacte ! Sous la houlette de <a data-i13n=\"cpos:2;pos:1\" href=\"https:\/\/fr.news.yahoo.com\/c-%C3%A7a-saisons-g%C3%A9n%C3%A9rationnelles-d-161000644.html\" data-ylk=\"slk:Nikos Aliagas;cpos:2;pos:1;elm:context_link;itc:0;sec:content-canvas;outcm:mb_qualified_link;_E:mb_qualified_link;ct:story;\" class=\"link  yahoo-link\" target=\"_blank\" rel=\"noopener\">Nikos Aliagas<\/a>, cette saison 2025 poursuit son succ\u00e8s avec des acad\u00e9miciens qui font d\u00e9j\u00e0 parler d&rsquo;eux au m\u00eame titre que les anciens \u00e9l\u00e8ves devenus stars comme <a data-i13n=\"cpos:3;pos:1\" href=\"https:\/\/fr.news.yahoo.com\/ni-bastiaan-ni-victor-voix-092300319.html\" data-ylk=\"slk:Pierre Garnier;cpos:3;pos:1;elm:context_link;itc:0;sec:content-canvas;outcm:mb_qualified_link;_E:mb_qualified_link;ct:story;\" class=\"link  yahoo-link\" target=\"_blank\" rel=\"noopener\">Pierre Garnier<\/a>, <a data-i13n=\"cpos:4;pos:1\" href=\"https:\/\/fr.news.yahoo.com\/helena-trouv%C3%A9-solution-ne-perdre-145102008.html\" data-ylk=\"slk:H\u00e9l\u00e9na Bailly;cpos:4;pos:1;elm:context_link;itc:0;sec:content-canvas;outcm:mb_qualified_link;_E:mb_qualified_link;ct:story;\" class=\"link  yahoo-link\" target=\"_blank\" rel=\"noopener\">H\u00e9l\u00e9na Bailly<\/a> ou encore <a data-i13n=\"cpos:5;pos:1\" href=\"https:\/\/fr.news.yahoo.com\/hyper-heureuse-marguerite-explique-relativis%C3%A9-193900272.html\" data-ylk=\"slk:Marguerite;cpos:5;pos:1;elm:context_link;itc:0;sec:content-canvas;outcm:mb_qualified_link;_E:mb_qualified_link;ct:story;\" class=\"link  yahoo-link\" target=\"_blank\" rel=\"noopener\">Marguerite<\/a>.<\/p>\n<p class=\"mb-4 text-lg md:leading-8 break-words\">Pour ce prime in\u00e9dit, les \u00e9l\u00e8ves accueillent sur sc\u00e8ne des artistes prestigieux : Clara Luciani, marraine de la saison pr\u00e9c\u00e9dente, \u00c9tienne Daho, Zaz et Ridsa viennent partager leur exp\u00e9rience et leur talent avec les quinze candidats encore en comp\u00e9tition. Une soir\u00e9e plac\u00e9e sous le signe de l&rsquo;entraide et de la solidarit\u00e9, o\u00f9 les \u00e9quipes jaune &#8211; d\u00e9j\u00e0 immunis\u00e9e -, rose et bleue se donnent \u00e0 fond pour convaincre le public et le corps professoral. Mais une prestation en particulier va faire couler beaucoup d&rsquo;encre sur le r\u00e9seau social X.<\/p>\n<p>Des prestations remarqu\u00e9es et un plateau qui brille<\/p>\n<p class=\"mb-4 text-lg md:leading-8 break-words\">Le prime des \u00e9quipes d\u00e9bute sur les chapeaux de roue avec une Ambre \u00e9blouissante. La benjamine de la comp\u00e9tition, \u00e2g\u00e9e de 18 ans, ouvre le bal en solo sur \u00ab\u00a0What&rsquo;s Up\u00a0\u00bb de 4 Non Blondes dans une sc\u00e9nographie inspir\u00e9e du Jardin d&rsquo;Eden. Un tableau chant\u00e9 et dans\u00e9 qui fait l&rsquo;unanimit\u00e9 aupr\u00e8s des internautes et du corps professoral. Avec cette performance hors du temps, la jeune chanteuse se positionne comme l&rsquo;une des grandes favorites de cette \u00e9dition.<\/p>\n<p class=\"mb-4 text-lg md:leading-8 break-words\">Le premier face \u00e0 face de chant oppose ensuite les roses et les bleus sur \u00ab\u00a0Believer\u00a0\u00bb d&rsquo;Imagine Dragons. Un duel o\u00f9 l&rsquo;harmonie vocale fait toute la diff\u00e9rence, et ce sont finalement les bleus qui l&#8217;emportent selon Sofia Morgavi, la professeure de chant.<\/p>\n<p class=\"mb-4 text-lg md:leading-8 break-words\">Victor livre ensuite son \u00ab\u00a0autoportrait\u00a0\u00bb en chanson, un d\u00e9fi dans lequel l&rsquo;acad\u00e9micien se confie sur sa vie avant de chanter. Il encha\u00eene quatre morceaux : \u00ab\u00a0Toxic\u00a0\u00bb de Britney Spears dans une version jazz \u00e9l\u00e9gante, \u00ab\u00a0Beau malheur\u00a0\u00bb d&rsquo;Emmanuel Moire, \u00ab\u00a0Bad Boy\u00a0\u00bb d&rsquo;Yseult avec la surprise de ses amies qui d\u00e9barquent sur sc\u00e8ne, et enfin \u00ab\u00a0Rise Like a Phoenix\u00a0\u00bb de Conchita Wurst, une artiste qui l&rsquo;inspire profond\u00e9ment. Une prestation salu\u00e9e par le corps professoral, notamment par Papy qui confie : \u00ab\u00a0Victor nous embarque. Il a la sensibilit\u00e9 \u00e9l\u00e9gante.<\/p>\n<p class=\"mb-4 text-lg md:leading-8 break-words\">La battle pour l&rsquo;immunit\u00e9 entre les jaunes voit ensuite L\u00e9a remporter le d\u00e9fi sur \u00ab\u00a0Le Chanteur malheureux\u00a0\u00bb de Claude Fran\u00e7ois. Elle ouvre ainsi le bal du prochain prime. Puis c&rsquo;est au tour d&rsquo;Anouk de briller aux c\u00f4t\u00e9s d&rsquo;\u00c9tienne Daho sur \u00ab\u00a0Comme un boomerang\u00a0\u00bb, un duo empreint de douceur et de justesse. Enfin, l&rsquo;\u00e9preuve de danse sur \u00ab\u00a0Pump It\u00a0\u00bb des Black Eyed Peas oppose \u00e0 nouveau les bleus et les roses. Cette fois-ci, ce sont les roses qui l&#8217;emportent selon Jonathan Jenvrin, le professeur de danse. Mais c&rsquo;est bien une autre prestation qui va monopoliser toutes les conversations sur X.<\/p>\n<p class=\"mb-4 text-lg md:leading-8 break-words\"><strong>VID\u00c9O &#8211; D\u00e9couvrez la Minute de Nikos Aliagas<\/strong><\/p>\n<p>Zaz et Sarah : l&rsquo;artiste au c\u0153ur des critiques<\/p>\n<p class=\"mb-4 text-lg md:leading-8 break-words\">Le duo entre Zaz et Sarah sur \u00ab\u00a0La Vie en Rose\u00a0\u00bb d&rsquo;\u00c9dith Piaf a marqu\u00e9 cette soir\u00e9e, mais pas de la mani\u00e8re escompt\u00e9e. L&rsquo;\u00e9l\u00e8ve de l&rsquo;\u00e9quipe bleue et l&rsquo;artiste interpr\u00e8tent la chanson iconique en version acoustique, guitare et voix. Une relecture tr\u00e8s diff\u00e9rente de l&rsquo;originale, que Zaz avait d\u00e9j\u00e0 reprise \u00e0 sa fa\u00e7on par le pass\u00e9. Si l&rsquo;intention artistique se voulait audacieuse, le r\u00e9sultat ne convainc absolument pas.<\/p>\n<p class=\"mb-4 text-lg md:leading-8 break-words\">L&rsquo;interpr\u00e9tation, loin de la version mythique d&rsquo;\u00c9dith Piaf, divise et laisse m\u00eame un go\u00fbt amer \u00e0 une grande partie du public. Les fans de Sarah, en particulier, jugent s\u00e9v\u00e8rement la prestation de Zaz qu&rsquo;ils accusent d&rsquo;avoir \u00ab\u00a0sabot\u00e9\u00a0\u00bb l&rsquo;\u00e9l\u00e8ve. La chanteuse de 44 ans essuie une vague de critiques sans pr\u00e9c\u00e9dent. Cette performance acoustique, qui devait \u00eatre un moment fort du prime, se transforme en v\u00e9ritable sujet de pol\u00e9mique sur X.<\/p>\n<p>\u00ab\u00a0C&rsquo;est le pire truc que j&rsquo;ai entendu de ma vie\u00a0\u00bb<\/p>\n<p class=\"mb-4 text-lg md:leading-8 break-words\">Sur X, les r\u00e9actions ne se font pas attendre et la col\u00e8re monte rapidement. Un internaute d\u00e9plore : \u00ab\u00a0Mon dieu le massacre. C&rsquo;est plus la vie en rose l\u00e0. D\u00e9sol\u00e9 mais c&rsquo;est un enfer cette version.\u00a0\u00bb Une fan de Zaz, visiblement dubitative, s&rsquo;interroge : \u00ab\u00a0Je suis une fan de Zaz mais je me demande si elle n&rsquo;a pas un peu arros\u00e9 la soir\u00e9e en avance.\u00a0\u00bb Les critiques fusent de toutes parts et certains utilisateurs ne m\u00e2chent pas leurs mots. \u00ab\u00a0Zaz, je sais pas ce qu&rsquo;elle a pris mais c&rsquo;est tr\u00e8s fort&#8230; Elle a compl\u00e8tement g\u00e2ch\u00e9 la chanson. Heureusement Queen Sarah a rattrap\u00e9 le truc\u00a0\u00bb, \u00e9crit un t\u00e9l\u00e9spectateur. Un autre se montre encore plus virulent : \u00ab\u00a0Heureusement qu&rsquo;il y a l&rsquo;\u00e9l\u00e8ve dans le duo car la &lsquo;star&rsquo; c&rsquo;est une catastrophe.\u00a0\u00bb<\/p>\n<p class=\"mb-4 text-lg md:leading-8 break-words\">La performance de Zaz, jug\u00e9e d\u00e9cal\u00e9e et inappropri\u00e9e, continue de faire r\u00e9agir des heures apr\u00e8s la diffusion, transformant ce qui devait \u00eatre un moment de gr\u00e2ce en v\u00e9ritable fiasco m\u00e9diatique.<\/p>\n","protected":false},"excerpt":{"rendered":"La \u00ab\u00a0Star Academy\u00a0\u00bb garde sa formule magique intacte ! Sous la houlette de Nikos Aliagas, cette saison 2025&hellip;\n","protected":false},"author":2,"featured_media":519592,"comment_status":"","ping_status":"","sticky":false,"template":"","format":"standard","meta":{"footnotes":""},"categories":[1356],"tags":[64058,58,59,1011,27,51865,64057,10827,3032,3872,252,1364,6706],"class_list":{"0":"post-519591","1":"post","2":"type-post","3":"status-publish","4":"format-standard","5":"has-post-thumbnail","7":"category-television","8":"tag-corps-professoral","9":"tag-divertissement","10":"tag-entertainment","11":"tag-fr","12":"tag-france","13":"tag-la-vie-en-rose","14":"tag-le-professeur-de-danse","15":"tag-nikos-aliagas","16":"tag-prestation","17":"tag-sarah","18":"tag-television","19":"tag-tv","20":"tag-zaz"},"share_on_mastodon":{"url":"https:\/\/pubeurope.com\/@fr\/115511738042636822","error":""},"_links":{"self":[{"href":"https:\/\/www.europesays.com\/fr\/wp-json\/wp\/v2\/posts\/519591","targetHints":{"allow":["GET"]}}],"collection":[{"href":"https:\/\/www.europesays.com\/fr\/wp-json\/wp\/v2\/posts"}],"about":[{"href":"https:\/\/www.europesays.com\/fr\/wp-json\/wp\/v2\/types\/post"}],"author":[{"embeddable":true,"href":"https:\/\/www.europesays.com\/fr\/wp-json\/wp\/v2\/users\/2"}],"replies":[{"embeddable":true,"href":"https:\/\/www.europesays.com\/fr\/wp-json\/wp\/v2\/comments?post=519591"}],"version-history":[{"count":0,"href":"https:\/\/www.europesays.com\/fr\/wp-json\/wp\/v2\/posts\/519591\/revisions"}],"wp:featuredmedia":[{"embeddable":true,"href":"https:\/\/www.europesays.com\/fr\/wp-json\/wp\/v2\/media\/519592"}],"wp:attachment":[{"href":"https:\/\/www.europesays.com\/fr\/wp-json\/wp\/v2\/media?parent=519591"}],"wp:term":[{"taxonomy":"category","embeddable":true,"href":"https:\/\/www.europesays.com\/fr\/wp-json\/wp\/v2\/categories?post=519591"},{"taxonomy":"post_tag","embeddable":true,"href":"https:\/\/www.europesays.com\/fr\/wp-json\/wp\/v2\/tags?post=519591"}],"curies":[{"name":"wp","href":"https:\/\/api.w.org\/{rel}","templated":true}]}}