{"id":519595,"date":"2025-11-08T02:34:22","date_gmt":"2025-11-08T02:34:22","guid":{"rendered":"https:\/\/www.europesays.com\/fr\/519595\/"},"modified":"2025-11-08T02:34:22","modified_gmt":"2025-11-08T02:34:22","slug":"bande-annonce-mystique-pour-the-testament-of-ann-lee","status":"publish","type":"post","link":"https:\/\/www.europesays.com\/fr\/519595\/","title":{"rendered":"bande-annonce mystique pour The Testament of Ann Lee"},"content":{"rendered":"<p><strong><a href=\"https:\/\/www.ecranlarge.com\/personnalite\/702802-amanda-seyfried\" data-type=\"people\" data-id=\"350233\" rel=\"nofollow noopener\" target=\"_blank\">Amanda Seyfried<\/a> est la gourelle de l\u2019un des mouvements sectaires les plus importants de l\u2019Histoire de l\u2019Angleterre et des \u00c9tats-Unis dans la bande-annonce de <a href=\"https:\/\/www.ecranlarge.com\/films\/the-testament-of-ann-lee\" data-type=\"films\" data-id=\"1335005\" rel=\"nofollow noopener\" target=\"_blank\">The Testament of Ann Lee<\/a>.<\/strong><\/p>\n<p>Le couple <a href=\"https:\/\/www.ecranlarge.com\/personnalite\/982208-mona-lerche\" data-type=\"people\" data-id=\"475930\" rel=\"nofollow noopener\" target=\"_blank\">Mona Fastvold<\/a> et <a href=\"https:\/\/www.ecranlarge.com\/personnalite\/660311-brady-corbet\" data-type=\"people\" data-id=\"311724\" rel=\"nofollow noopener\" target=\"_blank\">Brady Corbet<\/a> frappe encore. Les deux acteurs-auteurs-r\u00e9alisateurs collaborent sur presque toutes leurs productions depuis le film <strong>The Sleepwalker<\/strong> sorti en 2014, dont Fastvold \u00e9tait la metteuse en sc\u00e8ne et Brady Corbet le co-sc\u00e9nariste. Par la suite, les r\u00f4les se sont invers\u00e9s pour des films comme <strong>L\u2019Enfance d\u2019un chef<\/strong>, <strong><a href=\"https:\/\/www.ecranlarge.com\/films\/992008-vox-lux\" data-type=\"films\" data-id=\"686163\" rel=\"nofollow noopener\" target=\"_blank\">Vox Lux<\/a><\/strong> ou <strong><a href=\"https:\/\/www.ecranlarge.com\/films\/1413195-the-brutalist\" data-type=\"films\" data-id=\"691749\" rel=\"nofollow noopener\" target=\"_blank\">The Brutalist<\/a><\/strong>, mais aujourd\u2019hui, <strong>c\u2019est bien Fastvold qui repasse derri\u00e8re la cam\u00e9ra pour<\/strong> <strong>The Testament of Ann Lee<\/strong>.<\/p>\n<p>                    <img decoding=\"async\" alt=\"\" class=\"wp-image-518375\" style=\"object-fit:cover;width:25px;height:25px\" src=\"https:\/\/www.ecranlarge.com\/content\/uploads\/2023\/09\/arrow-right-circle.svg\"\/><\/p>\n<p>Ce biopic port\u00e9 par Amanda Seyfried se penchera sur <strong>la vie d\u2019une cheffe religieuse du 18e si\u00e8cle ayant export\u00e9 son mouvement<\/strong> des Shakers (dont l\u2019adoration de Dieu passait, entre autres, par les tremblements du corps) de l\u2019Angleterre vers les \u00c9tats-Unis naissants. Entre fresque historique et drame sur fond de secte, <strong>The Testament of Ann Lee<\/strong> vient de livrer sa premi\u00e8re bande-annonce.<\/p>\n<\/p>\n<p>Amanda Seyfried dans un Midsommar historique<\/p>\n<p>D\u2019apr\u00e8s ces images, <strong>The Testament of Ann Lee<\/strong> aura pour ambition de d\u00e9crire l\u2019essentiel du parcours religieux du personnage \u00e9ponyme, depuis sa conversion en Angleterre jusqu\u2019\u00e0 la fin de sa vie aux \u00c9tats-Unis, en passant par les succ\u00e8s et les d\u00e9faites. <strong>La gourelle fut en effet,<\/strong> tour \u00e0 tour,<strong> r\u00e9v\u00e9r\u00e9e et martyris\u00e9e<\/strong> au cours de sa vie d\u2019aventures mystiques. La bande-annonce, rythm\u00e9e par le son des mouvements d\u00e9coup\u00e9s de la danse religieuse de la secte, allie une photographie qui privil\u00e9gie <strong>la beaut\u00e9 d\u2019une (fausse) lumi\u00e8re naturelle et l\u2019intensit\u00e9 des images montr\u00e9es<\/strong>.<\/p>\n<p><a href=\"https:\/\/www.ecranlarge.com\/content\/uploads\/2025\/09\/iyebixbalpzgec3qjnhgedw5yzm.jpg\" rel=\"nofollow noopener\" target=\"_blank\"><\/p>\n<p><img loading=\"lazy\" decoding=\"async\" alt=\"\" src=\"https:\/\/www.europesays.com\/fr\/wp-content\/uploads\/2025\/09\/iyebixbalpzgec3qjnhgedw5yzm-1260x709.jpg\" width=\"1260\" height=\"709\"  \/><\/p>\n<p><\/a>Flash mob du 18e si\u00e8cle (colorised)<\/p>\n<p><strong>Personnages en transe, violent\u00e9s, adul\u00e9s<\/strong>, avec par-dessus \u00e7a un aper\u00e7u d\u2019\u00e9clipse (sans doute r\u00e9interpr\u00e9tation du Jour sombre de la Nouvelle-Angleterre de mai 1780 au cours duquel Ann Lee recruta de nombreux fid\u00e8les)\u2026 ces images naviguent entre quelque chose de <strong>Midsommar <\/strong>et du drame historique classique. Aux c\u00f4t\u00e9s d\u2019Amanda Seyfried, on aper\u00e7oit Lewis Pullman (<strong>Salem<\/strong>), Thomasin McKenzie (<strong>Last Night in Soho<\/strong>), Stacy Martin (<strong>Nymphomaniac<\/strong>) et Christopher Abbott (<strong>Wolf Man<\/strong>).<\/p>\n<p>Pour le moment, <strong>The Testament of Ann Lee<\/strong> n\u2019est annonc\u00e9 que pour une sortie en salles limit\u00e9e aux \u00c9tats-Unis le 25 d\u00e9cembre 2025. Esp\u00e9rons qu\u2019il arrive rapidement chez nous, au moins en VOD. Avec Searchlight en distributeur, on peut esp\u00e9rer une sortie en salles.<\/p>\n","protected":false},"excerpt":{"rendered":"Amanda Seyfried est la gourelle de l\u2019un des mouvements sectaires les plus importants de l\u2019Histoire de l\u2019Angleterre et&hellip;\n","protected":false},"author":2,"featured_media":519596,"comment_status":"","ping_status":"","sticky":false,"template":"","format":"standard","meta":{"footnotes":""},"categories":[1354],"tags":[58,59,1346,1011,27,1360],"class_list":{"0":"post-519595","1":"post","2":"type-post","3":"status-publish","4":"format-standard","5":"has-post-thumbnail","7":"category-films","8":"tag-divertissement","9":"tag-entertainment","10":"tag-films","11":"tag-fr","12":"tag-france","13":"tag-movies"},"share_on_mastodon":{"url":"https:\/\/pubeurope.com\/@fr\/115511746887549914","error":""},"_links":{"self":[{"href":"https:\/\/www.europesays.com\/fr\/wp-json\/wp\/v2\/posts\/519595","targetHints":{"allow":["GET"]}}],"collection":[{"href":"https:\/\/www.europesays.com\/fr\/wp-json\/wp\/v2\/posts"}],"about":[{"href":"https:\/\/www.europesays.com\/fr\/wp-json\/wp\/v2\/types\/post"}],"author":[{"embeddable":true,"href":"https:\/\/www.europesays.com\/fr\/wp-json\/wp\/v2\/users\/2"}],"replies":[{"embeddable":true,"href":"https:\/\/www.europesays.com\/fr\/wp-json\/wp\/v2\/comments?post=519595"}],"version-history":[{"count":0,"href":"https:\/\/www.europesays.com\/fr\/wp-json\/wp\/v2\/posts\/519595\/revisions"}],"wp:featuredmedia":[{"embeddable":true,"href":"https:\/\/www.europesays.com\/fr\/wp-json\/wp\/v2\/media\/519596"}],"wp:attachment":[{"href":"https:\/\/www.europesays.com\/fr\/wp-json\/wp\/v2\/media?parent=519595"}],"wp:term":[{"taxonomy":"category","embeddable":true,"href":"https:\/\/www.europesays.com\/fr\/wp-json\/wp\/v2\/categories?post=519595"},{"taxonomy":"post_tag","embeddable":true,"href":"https:\/\/www.europesays.com\/fr\/wp-json\/wp\/v2\/tags?post=519595"}],"curies":[{"name":"wp","href":"https:\/\/api.w.org\/{rel}","templated":true}]}}