{"id":519605,"date":"2025-11-08T02:39:14","date_gmt":"2025-11-08T02:39:14","guid":{"rendered":"https:\/\/www.europesays.com\/fr\/519605\/"},"modified":"2025-11-08T02:39:14","modified_gmt":"2025-11-08T02:39:14","slug":"bulle-speculative-de-lia-ne-pas-attendre-la-fin-de-leuphorie-liberation","status":"publish","type":"post","link":"https:\/\/www.europesays.com\/fr\/519605\/","title":{"rendered":"Bulle sp\u00e9culative de l\u2019IA : ne pas attendre la fin de l\u2019euphorie &#8211; Lib\u00e9ration"},"content":{"rendered":"<ol>\n<li><a href=\"https:\/\/news.google.com\/rss\/articles\/CBMi4wFBVV95cUxPZ0FZV3JwdGdHU1RVLXFqdU5Md3plbTExVmtsd00xeHJnUXRiOTM2OWdVM3RsUVJFWlYxa3paX1dTbHRwWERfMG9GRWNMbF9WblhQMDNYa0tTaWRFVUZyMlhIRWtEandobE5nWlNERmxQTWN3cXk4STNmNXpiRlhfdS1Zcmx5VUlvZHgtU0RmaGszSWpIU0t1S0xNdkhyeGxYTFRYYXBqekJ2MkJGQVQ2S1FnWXZvR0pXWUNta29TaFpMV3psaUt0bWN4dVhrTjhqNnhHSEJOZTItRWgwOVFfeldsSQ?oc=5\" target=\"_blank\" rel=\"nofollow noopener\">Bulle sp\u00e9culative de l\u2019IA : ne pas attendre la fin de l\u2019euphorie<\/a>&nbsp;&nbsp;Lib\u00e9ration<\/li>\n<li><a href=\"https:\/\/news.google.com\/rss\/articles\/CBMi1gFBVV95cUxObkZWWXplWEkzYll0YzNYdkl0YzVUbXNxYmVKcm5PWnl4MjlOQWNKR0M0S2lvSHBhUnBoVEhVVG4teUpmc18wanNQMjU0TV81OWo5cWVuUG5kcTBOd0V1M2liZUFZQkhYYk1ScjdWVUxpT1Z5WnRMa2lTVVpnVU4xdkFlZTRoYWRBczVPTGg5NDNvaVlveFUyN1BJUG5xRlNGTE5qYXdpcm9OLTZmd0RoZGpPUkJCa1ZEX2N5YVc1emtmX0tnVi1XbHI0eUtQWU1rMkpyVjBB?oc=5\" target=\"_blank\" rel=\"nofollow noopener\">Intelligence artificielle : la bulle qui fera boom ?<\/a>&nbsp;&nbsp;Lib\u00e9ration<\/li>\n<li><a href=\"https:\/\/news.google.com\/rss\/articles\/CBMiqwFBVV95cUxNMTRpNlJMTjhGRjV1aFNSU2Y5Y19vZklLbGMtRmNLWmY3bGMyWXFLQWNndmVYTVNNWFREel9PTHNKN0ZfY3IxSWZlOHFWQ3VtUGNkdnRGV2l4emcwbXI5UWdfM0QyU3hyX2NLaTlVYkRrNmFBcHVOLVJISTlFcTZaeVRObW9LbTFycm5RUVozSENaSnZ6dVljeG1vY1lsTHo2LWNxOU9mSjlXUkk?oc=5\" target=\"_blank\" rel=\"nofollow noopener\">Faut-il redouter une bulle sur l&rsquo;IA et la tech ?<\/a>&nbsp;&nbsp;Les Echos<\/li>\n<li><a href=\"https:\/\/news.google.com\/rss\/articles\/CBMiugFBVV95cUxQQWxYWHloRXZGeUltYnJWS1J2alYyeE8xZFAxdjliZFVZbURKeXlkaDRIVi1mN1BBRlpLdklhbjJOVUc3QWd3U3Q4WG9YcGlwNWN0Zy1ySmNUOTFfTHpxTmhCZ0ZtRGV1YzNHRU1FQm1ILTNZNG8zZ2dUaFdWaVJUZ3VxSF84RXphTnZLdHgzdGNoX2RFNnNBVWxPUkpja2JoLWNNQjZMb0ExMTVmQVJmZHRJeHZjMVBCaUE?oc=5\" target=\"_blank\" rel=\"nofollow noopener\">Trump dit ne pas \u00eatre inquiet d&rsquo;une bulle financi\u00e8re autour de l&rsquo;IA<\/a>&nbsp;&nbsp;lefigaro.fr<\/li>\n<li><a href=\"https:\/\/news.google.com\/rss\/articles\/CBMi7wFBVV95cUxQMm94ODdJRUxMS1JGLU00Y3RxeHJRZkYxZi1aNmFuWkswTHJtcndpdmc1eTFmME9GZWtPSlZkamtrdFNIcENESVFYQ0tmX2tNQWU3dld3ZjVScTlLMVB2SnJaTzM3bHJoSzk1NmFMZWJkQkRDcUQyNzI2TUJ0R3RiV2I1UzRZajFGeEJ4dDVLcE5YU1p0YTVZWWJFcHJ0UjhlSWE4cmQwdko3R2hhMV9GTDNWbUhYSXdYb2dCVzdlYnU4a3htVEZKMkhBYkxzZ2ZtaXBrWURLOWFTbXRpZlNFVFZsMkVSa04xTlJTalpEdw?oc=5\" target=\"_blank\" rel=\"nofollow noopener\">HSBC consid\u00e8re les actions indiennes comme une couverture face \u00e0 la flamb\u00e9e mondiale de l&rsquo;IA ; rep\u00e8re de la valeur sur le march\u00e9 des changes et des obligations<\/a>&nbsp;&nbsp;Zonebourse Suisse<\/li>\n<\/ol>\n","protected":false},"excerpt":{"rendered":"Bulle sp\u00e9culative de l\u2019IA : ne pas attendre la fin de l\u2019euphorie&nbsp;&nbsp;Lib\u00e9ration Intelligence artificielle : la bulle qui&hellip;\n","protected":false},"author":2,"featured_media":519606,"comment_status":"","ping_status":"","sticky":false,"template":"","format":"standard","meta":{"footnotes":""},"categories":[6],"tags":[35,33,34,1011,27,223],"class_list":{"0":"post-519605","1":"post","2":"type-post","3":"status-publish","4":"format-standard","5":"has-post-thumbnail","7":"category-economie","8":"tag-business","9":"tag-economie","10":"tag-economy","11":"tag-fr","12":"tag-france","13":"tag-intelligence-artificielle"},"share_on_mastodon":{"url":"https:\/\/pubeurope.com\/@fr\/115511765617213775","error":""},"_links":{"self":[{"href":"https:\/\/www.europesays.com\/fr\/wp-json\/wp\/v2\/posts\/519605","targetHints":{"allow":["GET"]}}],"collection":[{"href":"https:\/\/www.europesays.com\/fr\/wp-json\/wp\/v2\/posts"}],"about":[{"href":"https:\/\/www.europesays.com\/fr\/wp-json\/wp\/v2\/types\/post"}],"author":[{"embeddable":true,"href":"https:\/\/www.europesays.com\/fr\/wp-json\/wp\/v2\/users\/2"}],"replies":[{"embeddable":true,"href":"https:\/\/www.europesays.com\/fr\/wp-json\/wp\/v2\/comments?post=519605"}],"version-history":[{"count":0,"href":"https:\/\/www.europesays.com\/fr\/wp-json\/wp\/v2\/posts\/519605\/revisions"}],"wp:featuredmedia":[{"embeddable":true,"href":"https:\/\/www.europesays.com\/fr\/wp-json\/wp\/v2\/media\/519606"}],"wp:attachment":[{"href":"https:\/\/www.europesays.com\/fr\/wp-json\/wp\/v2\/media?parent=519605"}],"wp:term":[{"taxonomy":"category","embeddable":true,"href":"https:\/\/www.europesays.com\/fr\/wp-json\/wp\/v2\/categories?post=519605"},{"taxonomy":"post_tag","embeddable":true,"href":"https:\/\/www.europesays.com\/fr\/wp-json\/wp\/v2\/tags?post=519605"}],"curies":[{"name":"wp","href":"https:\/\/api.w.org\/{rel}","templated":true}]}}