{"id":519607,"date":"2025-11-08T02:40:13","date_gmt":"2025-11-08T02:40:13","guid":{"rendered":"https:\/\/www.europesays.com\/fr\/519607\/"},"modified":"2025-11-08T02:40:13","modified_gmt":"2025-11-08T02:40:13","slug":"teheran-pourrait-devoir-etre-evacuee-en-raison-dune-secheresse-inedite-liberation","status":"publish","type":"post","link":"https:\/\/www.europesays.com\/fr\/519607\/","title":{"rendered":"T\u00e9h\u00e9ran pourrait devoir \u00eatre \u00e9vacu\u00e9e en raison d\u2019une s\u00e9cheresse in\u00e9dite \u2013 Lib\u00e9ration"},"content":{"rendered":"<p class=\"sc-cPiKLX AiZTS text-element\">Les <a href=\"https:\/\/www.liberation.fr\/environnement\/en-dix-ans-220-millions-de-personnes-ont-du-fuir-leur-pays-a-cause-des-catastrophes-climatiques-20241112_LS3UDUA2QNGZDJM4KXO5ECOP4Y\/\" target=\"_blank\" rel=\"noreferrer noopener\" title=\"https:\/\/www.liberation.fr\/environnement\/en-dix-ans-220-millions-de-personnes-ont-du-fuir-leur-pays-a-cause-des-catastrophes-climatiques-20241112_LS3UDUA2QNGZDJM4KXO5ECOP4Y\/\">migrations massives li\u00e9es au climat<\/a> d\u00e9buteront-elles plus t\u00f4t que pr\u00e9vu ? La capitale iranienne T\u00e9h\u00e9ran pourrait devoir \u00eatre \u00e9vacu\u00e9e en raison des p\u00e9nuries d\u2019eau s\u2019il ne pleut pas d\u2019ici la fin de l\u2019ann\u00e9e, a averti ce vendredi 7 novembre le pr\u00e9sident iranien, Massoud Pezeshkian.<\/p>\n<p class=\"sc-cPiKLX AiZTS text-element\">L\u2019Iran est confront\u00e9 cette ann\u00e9e \u00e0 sa <a href=\"https:\/\/www.liberation.fr\/environnement\/climat\/les-perturbations-du-cycle-de-leau-deviennent-de-plus-en-plus-extremes-alerte-lonu-20250918_FKSEVVYFRFFPXIYAVXOGKLKZZA\/\" target=\"_blank\" rel=\"noreferrer noopener\" title=\"https:\/\/www.liberation.fr\/environnement\/climat\/les-perturbations-du-cycle-de-leau-deviennent-de-plus-en-plus-extremes-alerte-lonu-20250918_FKSEVVYFRFFPXIYAVXOGKLKZZA\/\">pire s\u00e9cheresse<\/a> depuis des d\u00e9cennies. Dans la capitale, le faible niveau des pr\u00e9cipitations est \u00abquasiment sans pr\u00e9c\u00e9dent depuis un si\u00e8cle\u00bb, avait affirm\u00e9 en octobre un responsable local. \u00abS\u2019il ne pleut pas, nous allons devoir commencer \u00e0 rationner l\u2019eau \u00e0 T\u00e9h\u00e9ran entre fin novembre et d\u00e9but d\u00e9cembre\u00bb, a d\u00e9clar\u00e9 le pr\u00e9sident dans son discours, diffus\u00e9 par la t\u00e9l\u00e9vision d\u2019Etat. Et \u00abm\u00eame si nous rationnons, s\u2019il ne pleut pas d\u2019ici l\u00e0, nous allons manquer d\u2019eau et devrons \u00e9vacuer T\u00e9h\u00e9ran\u00bb, a-t-il averti, sans pr\u00e9ciser comment la m\u00e9tropole de plus de 10 millions d\u2019habitants serait \u00e9vacu\u00e9e.<\/p>\n<p class=\"sc-cPiKLX AiZTS text-element\">Cit\u00e9 par l\u2019agence de presse officielle Irna, le directeur de la compagnie des eaux de la capitale Behzad Parsa avait pr\u00e9venu dimanche que la ville risquait de manquer d\u2019eau potable d\u2019ici deux semaines. Le barrage Amir Kabir, l\u2019un des cinq qui alimentent en eau potable T\u00e9h\u00e9ran, contient \u00abseulement 14 millions de m\u00e8tres cubes d\u2019eau, soit 8 % de sa capacit\u00e9\u00bb, avait-il indiqu\u00e9.<\/p>\n<p class=\"sc-cPiKLX AiZTS text-element\">Mercredi, le directeur provincial de la compagnie des eaux, Mohsen Ardakani, a soulign\u00e9 \u00e0 la t\u00e9l\u00e9vision d\u2019Etat que la population de T\u00e9h\u00e9ran avait r\u00e9duit sa consommation d\u2019eau de 10 % ces six derniers mois. \u00abSi nous atteignons 20 %, nous arriverons \u00e0 maintenir une situation stable pendant un mois ou deux, jusqu\u2019\u00e0 ce que la pluie tombe\u00bb, a-t-il avanc\u00e9.<\/p>\n<p class=\"sc-cPiKLX AiZTS text-element\">La capitale, au climat sec et chaud en \u00e9t\u00e9, conna\u00eet des automnes parfois pluvieux et des hivers qui peuvent \u00eatre rigoureux et enneig\u00e9s. Par souci d\u2019\u00e9conomie, l\u2019eau a \u00e9t\u00e9 coup\u00e9e ces derniers temps dans plusieurs quartiers de la ville, ont rapport\u00e9 les m\u00e9dias, apr\u00e8s de fr\u00e9quentes coupures <a href=\"https:\/\/www.liberation.fr\/environnement\/climat\/sous-50-c-liran-devient-le-premier-pays-a-se-mettre-a-larret-a-cause-de-la-chaleur-extreme-20230803_5ZQFJDTTIBGRBB7HMS5PLN3UJU\/\" target=\"_blank\" rel=\"noreferrer noopener\" title=\"https:\/\/www.liberation.fr\/environnement\/climat\/sous-50-c-liran-devient-le-premier-pays-a-se-mettre-a-larret-a-cause-de-la-chaleur-extreme-20230803_5ZQFJDTTIBGRBB7HMS5PLN3UJU\/\">en \u00e9t\u00e9<\/a>. En juillet et en ao\u00fbt, deux jours f\u00e9ri\u00e9s avaient m\u00eame \u00e9t\u00e9 instaur\u00e9s \u00e0 T\u00e9h\u00e9ran pour \u00e9conomiser l\u2019eau et l\u2019\u00e9nergie, en pleine canicule.<\/p>\n<p class=\"sc-cPiKLX AiZTS text-element\">Selon l\u2019agence de presse Tasnim, le taux de pr\u00e9cipitation en Iran est descendu cette ann\u00e9e \u00e0 152 millim\u00e8tres, soit 40 % de moins que la moyenne de ces 57 derni\u00e8res ann\u00e9es. Dans certaines provinces, le taux de pr\u00e9cipitation a chut\u00e9 de 50 \u00e0 80 %, a not\u00e9 aupr\u00e8s de l\u2019agence Mohammad Reza Kavianpour, chef de l\u2019Institut de recherche sur l\u2019eau bas\u00e9 \u00e0 T\u00e9h\u00e9ran, pour qui le pays doit se \u00abpr\u00e9parer \u00e0 une situation critique\u00bb.<\/p>\n<p class=\"sc-cPiKLX AiZTS text-element\">Selon le Giec, les \u00e9v\u00e9nements extr\u00eames, comme les s\u00e9cheresses, gagnent en fr\u00e9quence et en intensit\u00e9 \u00e0 cause du r\u00e9chauffement climatique et cela va se poursuivre si les \u00e9missions mondiales de gaz \u00e0 effet de serre ne baissent pas drastiquement. Sans cela, environ un tiers des terres dans le monde devraient souffrir d\u2019une s\u00e9cheresse au mieux mod\u00e9r\u00e9e d\u2019ici 2100. En outre, le changement climatique risque de contraindre 216 millions de personnes dans le monde en d\u00e9veloppement \u00e0 migrer \u00e0 l\u2019int\u00e9rieur de leur pays d\u2019ici \u00e0 2050, rapporte la Banque mondiale.<\/p>\n","protected":false},"excerpt":{"rendered":"Les migrations massives li\u00e9es au climat d\u00e9buteront-elles plus t\u00f4t que pr\u00e9vu ? La capitale iranienne T\u00e9h\u00e9ran pourrait devoir&hellip;\n","protected":false},"author":2,"featured_media":519608,"comment_status":"","ping_status":"","sticky":false,"template":"","format":"standard","meta":{"footnotes":""},"categories":[5],"tags":[11,25289,1011,27,14,3019,12,5140,12817,28],"class_list":{"0":"post-519607","1":"post","2":"type-post","3":"status-publish","4":"format-standard","5":"has-post-thumbnail","7":"category-international","8":"tag-actualites","9":"tag-eau-une-ressource-essentielle-et-menacee","10":"tag-fr","11":"tag-france","12":"tag-international","13":"tag-iran","14":"tag-news","15":"tag-rechauffement-climatique","16":"tag-secheresse","17":"tag-world"},"share_on_mastodon":{"url":"https:\/\/pubeurope.com\/@fr\/115511769386774423","error":""},"_links":{"self":[{"href":"https:\/\/www.europesays.com\/fr\/wp-json\/wp\/v2\/posts\/519607","targetHints":{"allow":["GET"]}}],"collection":[{"href":"https:\/\/www.europesays.com\/fr\/wp-json\/wp\/v2\/posts"}],"about":[{"href":"https:\/\/www.europesays.com\/fr\/wp-json\/wp\/v2\/types\/post"}],"author":[{"embeddable":true,"href":"https:\/\/www.europesays.com\/fr\/wp-json\/wp\/v2\/users\/2"}],"replies":[{"embeddable":true,"href":"https:\/\/www.europesays.com\/fr\/wp-json\/wp\/v2\/comments?post=519607"}],"version-history":[{"count":0,"href":"https:\/\/www.europesays.com\/fr\/wp-json\/wp\/v2\/posts\/519607\/revisions"}],"wp:featuredmedia":[{"embeddable":true,"href":"https:\/\/www.europesays.com\/fr\/wp-json\/wp\/v2\/media\/519608"}],"wp:attachment":[{"href":"https:\/\/www.europesays.com\/fr\/wp-json\/wp\/v2\/media?parent=519607"}],"wp:term":[{"taxonomy":"category","embeddable":true,"href":"https:\/\/www.europesays.com\/fr\/wp-json\/wp\/v2\/categories?post=519607"},{"taxonomy":"post_tag","embeddable":true,"href":"https:\/\/www.europesays.com\/fr\/wp-json\/wp\/v2\/tags?post=519607"}],"curies":[{"name":"wp","href":"https:\/\/api.w.org\/{rel}","templated":true}]}}