{"id":519613,"date":"2025-11-08T02:43:14","date_gmt":"2025-11-08T02:43:14","guid":{"rendered":"https:\/\/www.europesays.com\/fr\/519613\/"},"modified":"2025-11-08T02:43:14","modified_gmt":"2025-11-08T02:43:14","slug":"5-stephanois-seront-sur-le-plateau-de-la-star-academy","status":"publish","type":"post","link":"https:\/\/www.europesays.com\/fr\/519613\/","title":{"rendered":"5 St\u00e9phanois seront sur le plateau de la Star Academy"},"content":{"rendered":"\n<p>Ils vont certainement vivre un r\u00eave \u00e9veill\u00e9.\u00a05 chroristes de \u00ab\u00a0Voices Harmony\u00a0\u00bb, originaires de Saint-Etienne, vont avoir la chance de chanter sur le plateau de la Star Accademy aux cot\u00e9s des candidats de cette nouvelle saison. le rendez-vous est pris sur TF1 le 21 novembre prochain.<\/p>\n<p>Ces 5 chanceux sont issus du projet \u00ab 15 000 voix pour les l\u00e9gendes du rock \u00bb. L&rsquo;objectif de de Voices Harmony est simple : <strong>r\u00e9unir les passionn\u00e9s de chant<\/strong> \u00e0 travers toute la France et leur permettre de<strong> vivre des exp\u00e9riences uniques<\/strong>, en <strong>Z\u00e9nith<\/strong>, en stade ou encore \u00e0 la <strong>t\u00e9l\u00e9vision.<\/strong><\/p>\n","protected":false},"excerpt":{"rendered":"Ils vont certainement vivre un r\u00eave \u00e9veill\u00e9.\u00a05 chroristes de \u00ab\u00a0Voices Harmony\u00a0\u00bb, originaires de Saint-Etienne, vont avoir la chance&hellip;\n","protected":false},"author":2,"featured_media":519614,"comment_status":"","ping_status":"","sticky":false,"template":"","format":"standard","meta":{"footnotes":""},"categories":[9653],"tags":[1111,11,2430,1777,674,1011,27,1757,3367,873,12,25,55668,4001,59225,1364],"class_list":{"0":"post-519613","1":"post","2":"type-post","3":"status-publish","4":"format-standard","5":"has-post-thumbnail","7":"category-saint-etienne","8":"tag-actu","9":"tag-actualites","10":"tag-auvergne-rhone-alpes","11":"tag-eu","12":"tag-europe","13":"tag-fr","14":"tag-france","15":"tag-insolite","16":"tag-loire","17":"tag-musique","18":"tag-news","19":"tag-republique-francaise","20":"tag-saint_etienne","21":"tag-saint-etienne","22":"tag-star_academy","23":"tag-tv"},"share_on_mastodon":{"url":"https:\/\/pubeurope.com\/@fr\/115511781227444279","error":""},"_links":{"self":[{"href":"https:\/\/www.europesays.com\/fr\/wp-json\/wp\/v2\/posts\/519613","targetHints":{"allow":["GET"]}}],"collection":[{"href":"https:\/\/www.europesays.com\/fr\/wp-json\/wp\/v2\/posts"}],"about":[{"href":"https:\/\/www.europesays.com\/fr\/wp-json\/wp\/v2\/types\/post"}],"author":[{"embeddable":true,"href":"https:\/\/www.europesays.com\/fr\/wp-json\/wp\/v2\/users\/2"}],"replies":[{"embeddable":true,"href":"https:\/\/www.europesays.com\/fr\/wp-json\/wp\/v2\/comments?post=519613"}],"version-history":[{"count":0,"href":"https:\/\/www.europesays.com\/fr\/wp-json\/wp\/v2\/posts\/519613\/revisions"}],"wp:featuredmedia":[{"embeddable":true,"href":"https:\/\/www.europesays.com\/fr\/wp-json\/wp\/v2\/media\/519614"}],"wp:attachment":[{"href":"https:\/\/www.europesays.com\/fr\/wp-json\/wp\/v2\/media?parent=519613"}],"wp:term":[{"taxonomy":"category","embeddable":true,"href":"https:\/\/www.europesays.com\/fr\/wp-json\/wp\/v2\/categories?post=519613"},{"taxonomy":"post_tag","embeddable":true,"href":"https:\/\/www.europesays.com\/fr\/wp-json\/wp\/v2\/tags?post=519613"}],"curies":[{"name":"wp","href":"https:\/\/api.w.org\/{rel}","templated":true}]}}