{"id":519621,"date":"2025-11-08T02:52:16","date_gmt":"2025-11-08T02:52:16","guid":{"rendered":"https:\/\/www.europesays.com\/fr\/519621\/"},"modified":"2025-11-08T02:52:16","modified_gmt":"2025-11-08T02:52:16","slug":"ligue-2-montpellier-sur-le-podium-provisoire-laval-gagne-enfin-le-resume-du-multiplex-de-la","status":"publish","type":"post","link":"https:\/\/www.europesays.com\/fr\/519621\/","title":{"rendered":"Ligue 2. Montpellier sur le podium provisoire, Laval gagne enfin\u2026 Le r\u00e9sum\u00e9 du multiplex de la"},"content":{"rendered":"<p>Port\u00e9 par T\u00e9ji Savanier, Montpellier a battu Annecy \u00e0 domicile (1-0) et s\u2019est hiss\u00e9 provisoirement sur le podium, alors que Reims s\u2019en est rapproch\u00e9 en s\u2019imposant \u00e0 Bastia (3-1) vendredi lors de la 14e journ\u00e9e de Ligue 2. Avec 24\u00a0points, le MHSC double Saint-Etienne (23\u00a0pts), en d\u00e9placement samedi soir chez le leader Troyes, alors que Reims (22\u00a0pts) passe de la 8e \u00e0 la 5e place.<\/p>\n<p>Les H\u00e9raultais n\u2019avaient quasi rien montr\u00e9 face \u00e0 Annecy en premi\u00e8re p\u00e9riode, \u00e0 l\u2019image de leur seule frappe cadr\u00e9e. Mais apr\u00e8s la pause, Savanier a inscrit un coup franc dont il a le secret pour assurer les trois points aux siens (54\u2019). Les R\u00e9mois sont all\u00e9s gagner chez la lanterne rouge Bastia. Anthony Roncaglia a d\u2019abord fait exulter Furiani en r\u00e9ussissant un retourn\u00e9 acrobatique (20\u2019), mais la joie a \u00e9t\u00e9 de courte dur\u00e9e. Reims a rapidement r\u00e9pliqu\u00e9 par Ange Martial Tia (25\u2019), puis Hafiz Umar Ibahim (29\u2019), avant un troisi\u00e8me but sign\u00e9 Teddy Teuma en fin de match.<\/p>\n<p>Premi\u00e8re victoire depuis deux mois pour Laval<\/p>\n<p>\u00c0 domicile, Dunkerque (7e) a cru s\u2019offrir le derby de la C\u00f4te d\u2019Opale face \u00e0 Boulogne-sur-Mer gr\u00e2ce \u00e0 Thomas Robinet (59\u2019), venu couper un centre de la t\u00eate. Mais leurs voisins ont arrach\u00e9 le nul dans le temps additionnel gr\u00e2ce \u00e0 Joffrey Bultel (90+\u00a05). Les Boulonnais glissent toutefois \u00e0 l\u2019avant-derni\u00e8re place, doubl\u00e9s par Laval. Sans succ\u00e8s depuis le 12\u00a0septembre, <a href=\"https:\/\/www.ouest-france.fr\/sport\/football\/stade-lavallois\/direct-nancy-laval-suivez-le-match-de-la-14e-journee-de-ligue-2-en-live-d32cde8d-0fd8-4ae2-a90a-d38e12655046\" target=\"_blank\" rel=\"nofollow noopener\">les Tangos ont sonn\u00e9 la r\u00e9volte chez un autre mal class\u00e9 Nancy (0-2)<\/a> gr\u00e2ce \u00e0 Julien Maggiotti sur penalty (16\u2019) et Mamadou Camara (24\u2019).<\/p>\n<p>Grenoble s\u2019est impos\u00e9 2-1 au Stade des Alpes face \u00e0 Rodez (13e) et remonte \u00e0 la 10e place. Les Is\u00e9rois ont ouvert le score gr\u00e2ce \u00e0 une tr\u00e8s belle action collective\u00a0: Th\u00e9o Valls a talonn\u00e9 pour Nesta Elphege qui a parfaitement remis\u00e9 en retrait pour Jessy Benet, buteur du gauche (15\u2019). Elphege a enfonc\u00e9 le clou (27\u2019), avant que Cl\u00e9ment Jolibois ne r\u00e9duise le score (61\u2019).<\/p>\n<p><strong>Lire aussi. <\/strong> <a href=\"https:\/\/laval.maville.com\/sport\/detail_-nancy-stade-lavallois.-les-notes-des-tango-un-gros-collectif-bianda-et-benard-en-revelations-individuelles-_11-7054422_actu.Htm\" target=\"_blank\" rel=\"nofollow noopener\">Nancy &#8211; Stade lavallois. Les notes des Tango\u00a0: un gros collectif, Bianda et Benard en r\u00e9v\u00e9lations individuelles<\/a><\/p>\n<p>Amiens s\u2019est sabord\u00e9 \u00e0 Clermont. Apr\u00e8s avoir men\u00e9 gr\u00e2ce \u00e0 Kylian Ka\u00efboue (48\u2019), les Picards ont encaiss\u00e9 deux penalties dans le temps additionnel, transform\u00e9s par Kader Bamba, pass\u00e9 il y a quelques ann\u00e9es par l\u2019ASC. Vainqueur 2-1, Clermont (11e) s\u2019\u00e9loigne de la zone rouge, dont Amiens se rapproche (14e). Samedi, avant le choc Troyes &#8211; Saint-Etienne, le Red Star (2e) se rend au Mans (8e) et Pau (6e) se d\u00e9place \u00e0 Guingamp (9e)<\/p>\n<p>\u00a0<\/p>\n","protected":false},"excerpt":{"rendered":"Port\u00e9 par T\u00e9ji Savanier, Montpellier a battu Annecy \u00e0 domicile (1-0) et s\u2019est hiss\u00e9 provisoirement sur le podium,&hellip;\n","protected":false},"author":2,"featured_media":519622,"comment_status":"","ping_status":"","sticky":false,"template":"","format":"standard","meta":{"footnotes":""},"categories":[9599],"tags":[1111,11,14015,3809,1465,1777,674,63,1011,27,1792,1922,2208,12,2680,25,479,517,1470],"class_list":{"0":"post-519621","1":"post","2":"type-post","3":"status-publish","4":"format-standard","5":"has-post-thumbnail","7":"category-montpellier","8":"tag-actu","9":"tag-actualites","10":"tag-alencon","11":"tag-ball","12":"tag-basket","13":"tag-eu","14":"tag-europe","15":"tag-football","16":"tag-fr","17":"tag-france","18":"tag-handball","19":"tag-info","20":"tag-montpellier","21":"tag-news","22":"tag-occitanie","23":"tag-republique-francaise","24":"tag-rugby","25":"tag-sport","26":"tag-volley"},"share_on_mastodon":{"url":"https:\/\/pubeurope.com\/@fr\/115511816528741808","error":""},"_links":{"self":[{"href":"https:\/\/www.europesays.com\/fr\/wp-json\/wp\/v2\/posts\/519621","targetHints":{"allow":["GET"]}}],"collection":[{"href":"https:\/\/www.europesays.com\/fr\/wp-json\/wp\/v2\/posts"}],"about":[{"href":"https:\/\/www.europesays.com\/fr\/wp-json\/wp\/v2\/types\/post"}],"author":[{"embeddable":true,"href":"https:\/\/www.europesays.com\/fr\/wp-json\/wp\/v2\/users\/2"}],"replies":[{"embeddable":true,"href":"https:\/\/www.europesays.com\/fr\/wp-json\/wp\/v2\/comments?post=519621"}],"version-history":[{"count":0,"href":"https:\/\/www.europesays.com\/fr\/wp-json\/wp\/v2\/posts\/519621\/revisions"}],"wp:featuredmedia":[{"embeddable":true,"href":"https:\/\/www.europesays.com\/fr\/wp-json\/wp\/v2\/media\/519622"}],"wp:attachment":[{"href":"https:\/\/www.europesays.com\/fr\/wp-json\/wp\/v2\/media?parent=519621"}],"wp:term":[{"taxonomy":"category","embeddable":true,"href":"https:\/\/www.europesays.com\/fr\/wp-json\/wp\/v2\/categories?post=519621"},{"taxonomy":"post_tag","embeddable":true,"href":"https:\/\/www.europesays.com\/fr\/wp-json\/wp\/v2\/tags?post=519621"}],"curies":[{"name":"wp","href":"https:\/\/api.w.org\/{rel}","templated":true}]}}