{"id":519623,"date":"2025-11-08T02:54:22","date_gmt":"2025-11-08T02:54:22","guid":{"rendered":"https:\/\/www.europesays.com\/fr\/519623\/"},"modified":"2025-11-08T02:54:22","modified_gmt":"2025-11-08T02:54:22","slug":"le-poitiers-basket-86-enchaine-face-a-rouen","status":"publish","type":"post","link":"https:\/\/www.europesays.com\/fr\/519623\/","title":{"rendered":"le Poitiers Basket 86 encha\u00eene face \u00e0 Rouen"},"content":{"rendered":"<p><strong>Poitiers\u00a0&#8211; Rouen\u00a0: 96-86<\/strong><\/p>\n<p>Une semaine apr\u00e8s sa large victoire face au <a target=\"_self\" href=\"https:\/\/www.lanouvellerepublique.fr\/poitiers\/elite-2-le-chef-d-oeuvre-collectif-du-poitiers-basket-large-vainqueur-de-la-rochelle-1761951634\" rel=\"noopener\">Stade Rochelais (95-64)<\/a> \u00e0 l\u2019Arena, le Poitiers Basket 86 recevait une \u00e9quipe d\u2019un tout autre profil, ce vendredi 7\u00a0novembre 2025 \u00e0 Saint-Eloi, avec Rouen.<\/p>\n<p>Pour ne rien arranger, les joueurs d\u2019Andy Thornton-Jones devaient composer <a target=\"_self\" href=\"https:\/\/www.lanouvellerepublique.fr\/poitiers\/elite-2-le-poitiers-basket-prive-d-un-meneur-de-jeu-contre-rouen-1762537720\" rel=\"noopener\">sans Aur\u00e8le Brena-Chemille, souffrant<\/a>\u00a0et absent au dernier moment.<\/p>\n<p>Face \u00e0 leur ancien club, Marcus Hammond (26 points \u00e0 9\/12 dont 6\/8 \u00e0 trois points, 27 d\u2019\u00e9valuation) et Narcisse Ngoy (8 points, 7 rebonds, 14 d\u2019\u00e9valuation) ont \u00e9t\u00e9 particuli\u00e8rement en verve.<\/p>\n<p>Au final, le PB s\u2019est impos\u00e9 de dix points lors d\u2019une rencontre qu\u2019il aura pratiquement men\u00e9e d\u2019un bout \u00e0 l\u2019autre, \u00e0 l\u2019exception des cinq premi\u00e8res minutes. Aussi appliqu\u00e9s en d\u00e9fense qu\u2019adroits en attaque, les co\u00e9quipiers d\u2019un K\u00e9vin Harley, lui aussi en verve (20 points, 22 d\u2019\u00e9valuation), ont m\u00eame compt\u00e9 jusqu\u2019\u00e0 24 points d\u2019avance (66-42, 26e) avant que, de mani\u00e8re inexplicable, les arbitres cassent le rythme en sifflant \u00e9norm\u00e9ment de fautes aux locaux (8 fautes dans le troisi\u00e8me quart). Dommage pour le spectacle.<\/p>\n<p>Rouen a su en profiter pour se relancer (80-71, 34e) mais les Poitevins ont su repousser le danger, \u00e0 l\u2019image de l\u2019excellente fin de match d\u2019Imanol Prot, auteur de 11 points dans le dernier quart.<\/p>\n<p>Au final, les joueurs d\u2019Andy Thornton-Jones s\u2019imposent 96-86 et surtout pr\u00e9sentent pour la premi\u00e8re fois de la saison un bilan \u00e0 l\u2019\u00e9quilibre (5v, 5d).<\/p>\n<p>Ils tenteront d\u2019encha\u00eener vendredi 14\u00a0novembre \u00e0 Pau-Lacq-Orthez afin d\u2019obtenir un troisi\u00e8me succ\u00e8s cons\u00e9cutif, ce qu\u2019ils n\u2019ont pas encore effectu\u00e9 cette saison.<\/p>\n<p>\u00a0<\/p>\n","protected":false},"excerpt":{"rendered":"Poitiers\u00a0&#8211; Rouen\u00a0: 96-86 Une semaine apr\u00e8s sa large victoire face au Stade Rochelais (95-64) \u00e0 l\u2019Arena, le Poitiers&hellip;\n","protected":false},"author":2,"featured_media":519624,"comment_status":"","ping_status":"","sticky":false,"template":"","format":"standard","meta":{"footnotes":""},"categories":[9587],"tags":[1392,1111,11,1465,7944,1777,674,1011,27,12,5161,1653,13224,25,9590,60,1584],"class_list":{"0":"post-519623","1":"post","2":"type-post","3":"status-publish","4":"format-standard","5":"has-post-thumbnail","7":"category-rouen","8":"tag-a-la-une-local","9":"tag-actu","10":"tag-actualites","11":"tag-basket","12":"tag-elite-2","13":"tag-eu","14":"tag-europe","15":"tag-fr","16":"tag-france","17":"tag-news","18":"tag-normandie","19":"tag-poitiers","20":"tag-poitiers-basket-86","21":"tag-republique-francaise","22":"tag-rouen","23":"tag-sports","24":"tag-vienne"},"share_on_mastodon":{"url":"https:\/\/pubeurope.com\/@fr\/115511824454174742","error":""},"_links":{"self":[{"href":"https:\/\/www.europesays.com\/fr\/wp-json\/wp\/v2\/posts\/519623","targetHints":{"allow":["GET"]}}],"collection":[{"href":"https:\/\/www.europesays.com\/fr\/wp-json\/wp\/v2\/posts"}],"about":[{"href":"https:\/\/www.europesays.com\/fr\/wp-json\/wp\/v2\/types\/post"}],"author":[{"embeddable":true,"href":"https:\/\/www.europesays.com\/fr\/wp-json\/wp\/v2\/users\/2"}],"replies":[{"embeddable":true,"href":"https:\/\/www.europesays.com\/fr\/wp-json\/wp\/v2\/comments?post=519623"}],"version-history":[{"count":0,"href":"https:\/\/www.europesays.com\/fr\/wp-json\/wp\/v2\/posts\/519623\/revisions"}],"wp:featuredmedia":[{"embeddable":true,"href":"https:\/\/www.europesays.com\/fr\/wp-json\/wp\/v2\/media\/519624"}],"wp:attachment":[{"href":"https:\/\/www.europesays.com\/fr\/wp-json\/wp\/v2\/media?parent=519623"}],"wp:term":[{"taxonomy":"category","embeddable":true,"href":"https:\/\/www.europesays.com\/fr\/wp-json\/wp\/v2\/categories?post=519623"},{"taxonomy":"post_tag","embeddable":true,"href":"https:\/\/www.europesays.com\/fr\/wp-json\/wp\/v2\/tags?post=519623"}],"curies":[{"name":"wp","href":"https:\/\/api.w.org\/{rel}","templated":true}]}}