{"id":519642,"date":"2025-11-08T03:04:28","date_gmt":"2025-11-08T03:04:28","guid":{"rendered":"https:\/\/www.europesays.com\/fr\/519642\/"},"modified":"2025-11-08T03:04:28","modified_gmt":"2025-11-08T03:04:28","slug":"au-musee-darts-de-nantes-lexpo-qui-fait-aimer-la-pluie","status":"publish","type":"post","link":"https:\/\/www.europesays.com\/fr\/519642\/","title":{"rendered":"Au mus\u00e9e d\u2019arts de Nantes, l\u2019expo qui fait aimer la pluie"},"content":{"rendered":"<p>Rarement, on aura autant aim\u00e9 la pluie et c\u2019est une pluie que tout l\u2019Ouest va envier \u00e0 Nantes\u2026 Cette pluie qui s\u2019abat depuis ce vendredi sur le mus\u00e9e d\u2019arts de la cit\u00e9 des ducs dans un d\u00e9luge de chefs-d\u2019\u0153uvre.<\/p>\n<p>Ici, L\u2019orage de Maxime Maufra, l\u00e0, une Pluie \u00e0 Belle \u00cele de Monet, Un grain d\u2019Eug\u00e8ne Boudin, ou encore cette si d\u00e9licate Averse d\u2019avril de Martin Johnson Heade\u2026<\/p>\n<p>\u00c9tonnamment, ce n\u2019est qu\u2019avec les peintres de plein air et les impressionnistes que la pluie arrive dans la peinture. <strong>\u00ab\u00a0Jusqu\u2019\u00e0 la fin du XVIIIe, la pluie est repr\u00e9sent\u00e9e de fa\u00e7on symbolique,<\/strong> explique Marie-Anne du Boullay, commissaire de l\u2019exposition Sous la pluie. Peindre, vivre et r\u00eaver. <strong>La pluie n\u2019existe pas\u00a0: \u00e9l\u00e9ment dramaturgique, elle nourrit l\u2019\u0153uvre et le r\u00e9cit. \u00c0 partir du XIXe, elle devient un \u00ab\u00a0motif\u00a0\u00bb, c\u2019est-\u00e0-dire le sujet de l\u2019\u0153uvre elle-m\u00eame.\u00a0\u00bb<\/strong><\/p>\n<p>Il pleut sur la ville<\/p>\n<p>Avec cette question\u00a0:<strong> \u00ab\u00a0Comment repr\u00e9senter cet \u00e9l\u00e9ment translucide et incolore qui voile les paysages et les transforme.\u00a0\u00bb<\/strong><\/p>\n<p>La pluie devient un voile, un flou, un halo\u2026 Ou carr\u00e9ment des traits, \u00e0 l\u2019instar des ukiyo-e, ces estampes japonaises, qui fascinent et inspirent. Dans une coursive du mus\u00e9e o\u00f9 certaines sont pr\u00e9sent\u00e9es, leur r\u00e9pondent des estampes et eaux-fortes d\u2019Emile Laboureur, Henri Rivi\u00e8re et F\u00e9lix Vallotton. Ou encore Rain de 1973 de David Hockney o\u00f9 l\u2019eau de pluie qui tombe sur la peinture, devient une coulure qui en d\u00e9borde\u00a0!<\/p>\n<p>Dans la deuxi\u00e8me partie du XIXe, les impressionnistes s\u2019emparent des villes en mutation et la pluie y devient un r\u00e9v\u00e9lateur. Pi\u00e8ce ma\u00eetresse de l\u2019exposition, une esquisse pr\u00e9paratoire \u00e0 la c\u00e9l\u00e9brissime Rue de Paris, temps de pluie de Caillebotte (1877) concentre ceci\u00a0: <strong>\u00ab\u00a0On n\u2019y voit pas la pluie, <\/strong>commente Marie-Anne du Boullay, <strong>mais ses effets\u00a0: le pav\u00e9 qui brille, une effervescence continue et des parapluies\u00a0\u00bb.<\/strong><\/p>\n<p>Le XIXe peint \u00e0 l\u2019envi ces parapluies. Pour ses courbes et pour ce qu\u2019il raconte de celui qui le porte, marqueur social selon qu\u2019il soit en soie, en coton, damasquin\u00e9\u2026<\/p>\n<p>Puis, avec le post impressionnisme et la photographie du XXe, de soci\u00e9tale, la ville magnifi\u00e9e par la pluie se fait \u00ab\u00a0songe\u00a0\u00bb, empruntant \u00e0 la m\u00e9t\u00e9orologie des sentiments r\u00e9sum\u00e9e par le fameux vers de Verlaine\u00a0: Il pleure dans mon c\u0153ur comme il pleut sur la ville\u2026<\/p>\n<p>Exp\u00e9rience sensible et sensorielle comme la pluie, la d\u00e9ambulation r\u00e9sonne d\u2019une installation sonore d\u2019Anne-Laure Lejosne Sotin. Appuy\u00e9e par des extraits de films allant de Buster Keaton aux Parapluies de Cherbourg, lumineuse malgr\u00e9 le th\u00e8me, Sous la pluie, gagne son pari d\u2019\u00eatre <strong>\u00ab\u00a0un r\u00e9enchantement de la pluie \u00e0 un moment o\u00f9 ses exc\u00e8s et son manque peuvent \u00eatre cruels\u00a0\u00bb.<\/strong>\u00a0<\/p>\n<p>Ceux-ci ne pouvaient \u00eatre \u00e9vinc\u00e9s. Une vid\u00e9o coup de poing de Julius von Bismarck nous projette au ralenti au c\u0153ur du cyclone Irma qui balaya la Floride en 2017. Foudroyant.<\/p>\n<p>Mus\u00e9e d\u2019arts de Nantes, jusqu\u2019au 1er\u00a0mars 2026, sauf le mardi. 4\/9 \u20ac, gratuit &#8211; 18\u00a0ans. <a href=\"https:\/\/museedartsdenantes.nantesmetropole.fr\/\" target=\"_self\" rel=\"noopener\">R\u00e9servation de cr\u00e9neaux en ligne<\/a>. Week-end d\u2019inauguration gratuit et festif ce 8 et 9\u00a0novembre.<\/p>\n<p>\u00a0<\/p>\n","protected":false},"excerpt":{"rendered":"Rarement, on aura autant aim\u00e9 la pluie et c\u2019est une pluie que tout l\u2019Ouest va envier \u00e0 Nantes\u2026&hellip;\n","protected":false},"author":2,"featured_media":519643,"comment_status":"","ping_status":"","sticky":false,"template":"","format":"standard","meta":{"footnotes":""},"categories":[2818],"tags":[1111,11,64061,1348,2192,1777,674,12176,21,1011,27,3048,766,12,2636,4459,25],"class_list":{"0":"post-519642","1":"post","2":"type-post","3":"status-publish","4":"format-standard","5":"has-post-thumbnail","7":"category-nantes","8":"tag-actu","9":"tag-actualites","10":"tag-aimer","11":"tag-arts","12":"tag-cholet","13":"tag-eu","14":"tag-europe","15":"tag-expo","16":"tag-fait","17":"tag-fr","18":"tag-france","19":"tag-musee","20":"tag-nantes","21":"tag-news","22":"tag-pays-de-la-loire","23":"tag-pluie","24":"tag-republique-francaise"},"share_on_mastodon":{"url":"https:\/\/pubeurope.com\/@fr\/115511863758308305","error":""},"_links":{"self":[{"href":"https:\/\/www.europesays.com\/fr\/wp-json\/wp\/v2\/posts\/519642","targetHints":{"allow":["GET"]}}],"collection":[{"href":"https:\/\/www.europesays.com\/fr\/wp-json\/wp\/v2\/posts"}],"about":[{"href":"https:\/\/www.europesays.com\/fr\/wp-json\/wp\/v2\/types\/post"}],"author":[{"embeddable":true,"href":"https:\/\/www.europesays.com\/fr\/wp-json\/wp\/v2\/users\/2"}],"replies":[{"embeddable":true,"href":"https:\/\/www.europesays.com\/fr\/wp-json\/wp\/v2\/comments?post=519642"}],"version-history":[{"count":0,"href":"https:\/\/www.europesays.com\/fr\/wp-json\/wp\/v2\/posts\/519642\/revisions"}],"wp:featuredmedia":[{"embeddable":true,"href":"https:\/\/www.europesays.com\/fr\/wp-json\/wp\/v2\/media\/519643"}],"wp:attachment":[{"href":"https:\/\/www.europesays.com\/fr\/wp-json\/wp\/v2\/media?parent=519642"}],"wp:term":[{"taxonomy":"category","embeddable":true,"href":"https:\/\/www.europesays.com\/fr\/wp-json\/wp\/v2\/categories?post=519642"},{"taxonomy":"post_tag","embeddable":true,"href":"https:\/\/www.europesays.com\/fr\/wp-json\/wp\/v2\/tags?post=519642"}],"curies":[{"name":"wp","href":"https:\/\/api.w.org\/{rel}","templated":true}]}}