{"id":519655,"date":"2025-11-08T03:11:18","date_gmt":"2025-11-08T03:11:18","guid":{"rendered":"https:\/\/www.europesays.com\/fr\/519655\/"},"modified":"2025-11-08T03:11:18","modified_gmt":"2025-11-08T03:11:18","slug":"circulation-compliquee-ce-jeudi-pour-les-automobilistes-qui-sortent-de-marseille-par-le-nord","status":"publish","type":"post","link":"https:\/\/www.europesays.com\/fr\/519655\/","title":{"rendered":"circulation compliqu\u00e9e ce jeudi pour les automobilistes qui sortent de Marseille par le nord"},"content":{"rendered":"<p>Si vous vous trouvez sur l&rsquo;autoroute A55 ou sur l&rsquo;<a href=\"https:\/\/www.laprovence.com\/article\/faits-divers-justice\/6214260585425114\/une-jeune-motarde-grievement-blessee-apres-avoir-chute-sur-la7-a-bollene\" target=\"_blank\" rel=\"noopener\">A7 dans Marseille<\/a> et \u00e0 la sortie de la ville, vous devez sans doute circuler pare-chocs contre pare-chocs. En effet, le trafic est compliqu\u00e9 sur l&rsquo;A55, en direction de Martigues, depuis Arenc et jusqu&rsquo;\u00e0 l&rsquo;Estaque.<\/p>\n<p>Sur l&rsquo;A7, entre l&rsquo;Estaque et le canet, sens Marseille-Lyon, c&rsquo;est aussi satur\u00e9 depuis Saint-Mauron jusqu&rsquo;\u00e0 Sept\u00e8mes-les-Vallons. Ce qui repr\u00e9sente pr\u00e8s de 5 kilom\u00e8tres de retenue.<\/p>\n<p>Par ricochet, un fort ralentissement est constat\u00e9 sur la rocade L2 \u00e0 l&rsquo;arriv\u00e9e sur l&rsquo;A7. Dans les autres secteurs autoroutiers, on observe de forts ralentissements mais de bouchon significatif. L&rsquo;A7 et l&rsquo;A55 sont les deux points noirs de cette fin d&rsquo;apr\u00e8s-midi.<\/p>\n","protected":false},"excerpt":{"rendered":"Si vous vous trouvez sur l&rsquo;autoroute A55 ou sur l&rsquo;A7 dans Marseille et \u00e0 la sortie de la&hellip;\n","protected":false},"author":2,"featured_media":456406,"comment_status":"","ping_status":"","sticky":false,"template":"","format":"standard","meta":{"footnotes":""},"categories":[2814],"tags":[17,13345,1111,11,4691,1102,3542,27203,1777,674,1011,27,9272,151,884,12,471,882,16,25],"class_list":{"0":"post-519655","1":"post","2":"type-post","3":"status-publish","4":"format-standard","5":"has-post-thumbnail","7":"category-marseille","8":"tag-17","9":"tag-a55","10":"tag-actu","11":"tag-actualites","12":"tag-automobilistes","13":"tag-breakingnews","14":"tag-circulation","15":"tag-compliquee","16":"tag-eu","17":"tag-europe","18":"tag-fr","19":"tag-france","20":"tag-jeudi","21":"tag-les","22":"tag-marseille","23":"tag-news","24":"tag-pour","25":"tag-provence-alpes-cote-dazur","26":"tag-region","27":"tag-republique-francaise"},"share_on_mastodon":{"url":"https:\/\/pubeurope.com\/@fr\/115511891329104914","error":""},"_links":{"self":[{"href":"https:\/\/www.europesays.com\/fr\/wp-json\/wp\/v2\/posts\/519655","targetHints":{"allow":["GET"]}}],"collection":[{"href":"https:\/\/www.europesays.com\/fr\/wp-json\/wp\/v2\/posts"}],"about":[{"href":"https:\/\/www.europesays.com\/fr\/wp-json\/wp\/v2\/types\/post"}],"author":[{"embeddable":true,"href":"https:\/\/www.europesays.com\/fr\/wp-json\/wp\/v2\/users\/2"}],"replies":[{"embeddable":true,"href":"https:\/\/www.europesays.com\/fr\/wp-json\/wp\/v2\/comments?post=519655"}],"version-history":[{"count":0,"href":"https:\/\/www.europesays.com\/fr\/wp-json\/wp\/v2\/posts\/519655\/revisions"}],"wp:featuredmedia":[{"embeddable":true,"href":"https:\/\/www.europesays.com\/fr\/wp-json\/wp\/v2\/media\/456406"}],"wp:attachment":[{"href":"https:\/\/www.europesays.com\/fr\/wp-json\/wp\/v2\/media?parent=519655"}],"wp:term":[{"taxonomy":"category","embeddable":true,"href":"https:\/\/www.europesays.com\/fr\/wp-json\/wp\/v2\/categories?post=519655"},{"taxonomy":"post_tag","embeddable":true,"href":"https:\/\/www.europesays.com\/fr\/wp-json\/wp\/v2\/tags?post=519655"}],"curies":[{"name":"wp","href":"https:\/\/api.w.org\/{rel}","templated":true}]}}