{"id":519658,"date":"2025-11-08T03:13:15","date_gmt":"2025-11-08T03:13:15","guid":{"rendered":"https:\/\/www.europesays.com\/fr\/519658\/"},"modified":"2025-11-08T03:13:15","modified_gmt":"2025-11-08T03:13:15","slug":"la-justice-donne-tort-a-ces-communes-en-manque-de-logements-sociaux-pres-de-lyon","status":"publish","type":"post","link":"https:\/\/www.europesays.com\/fr\/519658\/","title":{"rendered":"La justice donne tort \u00e0 ces communes en manque de logements sociaux pr\u00e8s de Lyon"},"content":{"rendered":"<p>            Par<br \/>\n        <strong><br \/>\n            <a href=\"https:\/\/actu.fr\/auteur\/anthony-soudani\" title=\"Consulter tous les articles de Anthony Soudani\" target=\"_blank\" rel=\"noopener\">Anthony Soudani<\/a><br \/>\n        <\/strong><\/p>\n<p>        Publi\u00e9 le<\/p>\n<p>            7 nov. 2025 \u00e0 17h09        <\/p>\n<p><strong>INFO ACTU LYON.<\/strong> Le tribunal administratif a<strong> rejet\u00e9<\/strong> mardi 4 novembre 2025 les recours de trois communes situ\u00e9es pr\u00e8s de <a href=\"https:\/\/actu.fr\/auvergne-rhone-alpes\/lyon_69123\" target=\"_blank\" rel=\"noopener\">Lyon<\/a>, d\u00e9clar\u00e9e en carence de <a href=\"https:\/\/actu.fr\/tag\/logements-sociaux\" target=\"_blank\" rel=\"noopener\">logements sociaux<\/a> par la pr\u00e9f\u00e8te du Rh\u00f4ne. Ces trois villes attaquaient les arr\u00eat\u00e9s de carence, en esp\u00e9rant, pour deux d\u2019entre elles, reprendre l\u2019instruction des permis de conduire r\u00e9cup\u00e9r\u00e9e par l\u2019\u00c9tat.\u00a0<\/p>\n<p>La justice donne raison \u00e0 l\u2019\u00c9tat<\/p>\n<p class=\" wall-content\">Apr\u00e8s les requ\u00eates \u2013 d\u00e9j\u00e0 \u00e9cart\u00e9es \u2013 de Caluire-et-Cuire, Tassin-la-Demi-Lune, Chaponnay et Saint-Genis-Laval, c\u2019est au tour de <strong>Mions, Saint-Symphorien-sur-Coise et Genas<\/strong> de tenter de faire annuler la d\u00e9cision de la pr\u00e9f\u00e8te du Rh\u00f4ne en justice.<\/p>\n<p class=\" wall-content\">Mais le tribunal administratif a donn\u00e9 raison \u00e0 l\u2019\u00c9tat, balayant les demandes de ces trois communes. Pour Mions et Saint-Symphorien-d\u2019Ozon, les arr\u00eat\u00e9s de carence attaqu\u00e9s \u00e9taient ceux instaurant la reprise de la comp\u00e9tence urbanisme aux communes pour les constructions de plus de deux logements.<\/p>\n<p class=\" wall-content\">La commune de Genas attaquait, elle, un arr\u00eat\u00e9 de carence qui n\u2019impliquait pas de reprise de l\u2019instruction des permis de conduire.<\/p>\n<p class=\" wall-content\">Pour rappel, la pr\u00e9f\u00e8te du Rh\u00f4ne, Fabienne Buccio, a repris la <a href=\"https:\/\/actu.fr\/auvergne-rhone-alpes\/lyon_69123\/ces-communes-autour-de-lyon-vont-devoir-construire-plus-de-logements-sociaux_60517505.html\" target=\"_blank\" rel=\"noopener\">comp\u00e9tence de l\u2019instruction des permis de conduire de sept communes<\/a> de la m\u00e9tropole de Lyon en 2024, les carences de ces derni\u00e8res en mati\u00e8re de logements sociaux \u00e9tant trop importantes.<\/p>\n<p>Le maire de Mions en col\u00e8re<\/p>\n<p class=\" wall-content\">Une d\u00e9cision qui a provoqu\u00e9 la col\u00e8re de certains maires, dont celui de Mions. Micka\u00ebl Paccaud, \u00e9lu LR, avait <a href=\"https:\/\/actu.fr\/auvergne-rhone-alpes\/mions_69283\/logements-sociaux-autour-de-lyon-c-est-hallucinant-le-coup-de-gueule-d-un-maire_62053204.html\" target=\"_blank\" rel=\"noopener\">pouss\u00e9 un coup de gueule sur actu Lyon<\/a> en d\u00e9cembre 2024.\u00a0<\/p>\n<blockquote class=\"ac-article-quote wall-content\">\n<p>C&rsquo;est hallucinant. Moi, je continuerai \u00e0 me battre pour r\u00e9cup\u00e9rer cette comp\u00e9tence qui est celle du maire. En quel honneur, ce sont des fonctionnaires dans des bureaux qui doivent nous dire comment faire dans nos villes sans conna\u00eetre nos territoires. Il n&rsquo;y a rien de plus pour \u00e9nerver les Fran\u00e7ais.\u00a0<\/p>\n<p>    <strong>Micka\u00ebl Paccaud<\/strong><br \/>\n        Maire de Mions    <\/p><\/blockquote>\n<p>Votre r\u00e9gion, votre actu !<\/p>\n<p>Recevez chaque jour les infos qui comptent pour vous.<\/p>\n<p>\t<a href=\"https:\/\/actu.fr\/newsletter\" class=\"ac-btn ac-btn--corner ac-btn--medium ac-btn--blue800\" target=\"_blank\" rel=\"noopener\">S&rsquo;incrire<\/a><\/p>\n<p class=\" wall-content\">\u00c0 noter qu\u2019\u00e0 ce jour, la ville de Mions est \u00e0\u00a018,3\u2009% de part de logement social, bien en dessous des 25\u2009% exig\u00e9 par la loi SRU. \u00ab\u2009Je ne suis pas contre le logement social. Mais en continuant comme \u00e7a, on reproduit les erreurs du pass\u00e9. Il faut laisser une part d\u2019attribution au maire.\u2009\u00bb<\/p>\n<p class=\" wall-content\">Micka\u00ebl Paccaud est certain qu\u2019il ferait mieux que l\u2019\u00c9tat\u2009: \u00ab\u2009Je raisonne en mixit\u00e9. Je connais mon territoire. <strong>Le 100\u2009% social, c\u2019est fini. Il faut arr\u00eater avec cette connerie.<\/strong> Il faut arr\u00eater de faire des b\u00e2timents 100\u2009% sociaux. Cela s\u2019appelle \u00eatre dans la vraie vie.\u2009\u00bb<\/p>\n<p class=\" wall-content\">Personnalisez votre actualit\u00e9 en ajoutant vos villes et m\u00e9dias en favori avec <a href=\"https:\/\/moncompte.actu.fr\" title=\"D\u00e9couvez Mon Actu\" rel=\"nofollow noopener\" data-trk=\"{&quot;cta&quot;:{&quot;action&quot;:&quot;https:\\\/\\\/moncompte.actu.fr&quot;,&quot;category&quot;:&quot;mon compte&quot;,&quot;from&quot;:&quot;article footer&quot;,&quot;name&quot;:&quot;Mon actu&quot;,&quot;type&quot;:&quot;cta&quot;}}\" target=\"_blank\">Mon Actu<\/a>.<\/p>\n","protected":false},"excerpt":{"rendered":"Par Anthony Soudani Publi\u00e9 le 7 nov. 2025 \u00e0 17h09 INFO ACTU LYON. Le tribunal administratif a rejet\u00e9&hellip;\n","protected":false},"author":2,"featured_media":519659,"comment_status":"","ping_status":"","sticky":false,"template":"","format":"standard","meta":{"footnotes":""},"categories":[1889],"tags":[1111,11,2430,1777,674,1011,27,303,6459,2428,12,9450,25,104],"class_list":{"0":"post-519658","1":"post","2":"type-post","3":"status-publish","4":"format-standard","5":"has-post-thumbnail","7":"category-lyon","8":"tag-actu","9":"tag-actualites","10":"tag-auvergne-rhone-alpes","11":"tag-eu","12":"tag-europe","13":"tag-fr","14":"tag-france","15":"tag-justice","16":"tag-logements-sociaux","17":"tag-lyon","18":"tag-news","19":"tag-prefecture-du-rhone","20":"tag-republique-francaise","21":"tag-societe"},"share_on_mastodon":{"url":"https:\/\/pubeurope.com\/@fr\/115511899341729737","error":""},"_links":{"self":[{"href":"https:\/\/www.europesays.com\/fr\/wp-json\/wp\/v2\/posts\/519658","targetHints":{"allow":["GET"]}}],"collection":[{"href":"https:\/\/www.europesays.com\/fr\/wp-json\/wp\/v2\/posts"}],"about":[{"href":"https:\/\/www.europesays.com\/fr\/wp-json\/wp\/v2\/types\/post"}],"author":[{"embeddable":true,"href":"https:\/\/www.europesays.com\/fr\/wp-json\/wp\/v2\/users\/2"}],"replies":[{"embeddable":true,"href":"https:\/\/www.europesays.com\/fr\/wp-json\/wp\/v2\/comments?post=519658"}],"version-history":[{"count":0,"href":"https:\/\/www.europesays.com\/fr\/wp-json\/wp\/v2\/posts\/519658\/revisions"}],"wp:featuredmedia":[{"embeddable":true,"href":"https:\/\/www.europesays.com\/fr\/wp-json\/wp\/v2\/media\/519659"}],"wp:attachment":[{"href":"https:\/\/www.europesays.com\/fr\/wp-json\/wp\/v2\/media?parent=519658"}],"wp:term":[{"taxonomy":"category","embeddable":true,"href":"https:\/\/www.europesays.com\/fr\/wp-json\/wp\/v2\/categories?post=519658"},{"taxonomy":"post_tag","embeddable":true,"href":"https:\/\/www.europesays.com\/fr\/wp-json\/wp\/v2\/tags?post=519658"}],"curies":[{"name":"wp","href":"https:\/\/api.w.org\/{rel}","templated":true}]}}