{"id":519672,"date":"2025-11-08T03:21:15","date_gmt":"2025-11-08T03:21:15","guid":{"rendered":"https:\/\/www.europesays.com\/fr\/519672\/"},"modified":"2025-11-08T03:21:15","modified_gmt":"2025-11-08T03:21:15","slug":"orban-obtient-de-trump-une-exemption-des-sanctions-liees-au-petrole-russe-2","status":"publish","type":"post","link":"https:\/\/www.europesays.com\/fr\/519672\/","title":{"rendered":"Orban obtient de Trump une exemption des sanctions li\u00e9es au p\u00e9trole russe"},"content":{"rendered":"<p>Donald Trump a accept\u00e9 d&rsquo;accorder \u00e0 la Hongrie une d\u00e9rogation aux sanctions am\u00e9ricaines li\u00e9es au p\u00e9trole russe, lors d&rsquo;une rencontre vendredi avec le Premier ministre Viktor Orban, dont il a lou\u00e9 de mani\u00e8re appuy\u00e9e la politique anti-immigration.<\/p>\n<p>\u00ab\u00a0Les Etats-Unis ont accord\u00e9 \u00e0 la Hongrie une exemption illimit\u00e9e des sanctions sur le p\u00e9trole et le gaz russes. Nous sommes reconnaissants de cette d\u00e9cision qui garantit la s\u00e9curit\u00e9 \u00e9nerg\u00e9tique de la Hongrie\u00a0\u00bb, a \u00e9crit sur X le ministre hongrois des Affaires \u00e9trang\u00e8res Peter Szijjarto.<\/p>\n<p>Le mois dernier, les Etats-Unis ont impos\u00e9 des sanctions aux deux plus grands producteurs de p\u00e9trole russes &#8211; Rosneft et Lukoil &#8211; face au refus de la Russie de mettre fin \u00e0 la guerre en Ukraine. Et ils ont r\u00e9clam\u00e9 aux pays comme la Hongrie de se \u00ab\u00a0sevrer\u00a0\u00bb des sources d&rsquo;\u00e9nergie russes.<\/p>\n<p>Or ce pays d&rsquo;Europe centrale d\u00e9pend fortement du p\u00e9trole russe.<\/p>\n<p>La d\u00e9rogation accord\u00e9e sera valable un an, a pr\u00e9cis\u00e9 un responsable de la Maison Blanche \u00e0 l&rsquo;AFP sous couvert d&rsquo;anonymat, ajoutant que Budapest s&rsquo;\u00e9tait engag\u00e9e en contrepartie \u00e0 acheter pour environ 600 millions de dollars de gaz naturel liqu\u00e9fi\u00e9 am\u00e9ricain.<\/p>\n<p>Le pr\u00e9sident am\u00e9ricain avait dit \u00ab\u00a0\u00e9tudier\u00a0\u00bb cette option, \u00ab\u00a0parce qu&rsquo;il est tr\u00e8s difficile pour (Viktor Orban) d&rsquo;obtenir le p\u00e9trole et le gaz d&rsquo;autres r\u00e9gions. Comme vous le savez, il ne b\u00e9n\u00e9ficie pas d&rsquo;un acc\u00e8s \u00e0 la mer\u00a0\u00bb.<\/p>\n<p>Rare dirigeant europ\u00e9en proche \u00e0 la fois du pr\u00e9sident am\u00e9ricain et du pr\u00e9sident russe, Viktor Orban n&rsquo;a pas cherch\u00e9 \u00e0 diversifier massivement ses importations depuis l&rsquo;invasion de l&rsquo;Ukraine par la Russie en 2022.<\/p>\n<p>Les sanctions am\u00e9ricaines le fragilisaient \u00e0 quelques mois de la tenue d&rsquo;\u00e9lections l\u00e9gislatives, que le leader nationaliste, au pouvoir depuis 2010, n&rsquo;est pas s\u00fbr de remporter, selon les sondages.<\/p>\n<p>&#8211; \u00ab\u00a0Respecter\u00a0\u00bb Orban &#8211;<\/p>\n<p>Le dirigeant hongrois avait rendu visite trois fois l&rsquo;ann\u00e9e derni\u00e8re \u00e0 Donald Trump, \u00e0 chaque fois dans sa r\u00e9sidence Mar-a-Lago, en Floride, dont deux fois avant la r\u00e9\u00e9lection du milliardaire.<\/p>\n<p>Les deux hommes ont \u00e0 nouveau expos\u00e9 leurs affinit\u00e9s id\u00e9ologiques vendredi.<\/p>\n<p>Donald Trump a exhort\u00e9 l&rsquo;Union europ\u00e9enne \u00e0 \u00ab\u00a0respecter\u00a0\u00bb la Hongrie et son Premier ministre, qui s&rsquo;est plaint des sanctions financi\u00e8res impos\u00e9es par l&rsquo;UE sur Budapest pour ses politiques migratoires: \u00ab\u00a0Il a eu raison sur l&rsquo;immigration\u00a0\u00bb, a insist\u00e9 le r\u00e9publicain, jugeant que les Europ\u00e9ens pourraient \u00ab\u00a0s&rsquo;inspirer\u00a0\u00bb de son invit\u00e9.<\/p>\n<p>Le pr\u00e9sident am\u00e9ricain a lui-m\u00eame mis en place une brutale politique anti-immigration depuis son retour \u00e0 la Maison Blanche en janvier.<\/p>\n<p>Hostile \u00e0 l&rsquo;immigration et aux droits des personnes LGBT+, Viktor Orban affronte r\u00e9guli\u00e8rement les instances europ\u00e9ennes sur des questions de respect de l&rsquo;\u00c9tat de droit notamment.<\/p>\n<p>Il a appel\u00e9 \u00e0 lancer un \u00ab\u00a0\u00e2ge d&rsquo;or\u00a0\u00bb pour la relation entre les Etats-Unis et la Hongrie, reprenant l&rsquo;une des expressions pr\u00e9f\u00e9r\u00e9es de Donald Trump.<\/p>\n<p>\u00ab\u00a0Nous sommes le seul gouvernement en Europe qui se consid\u00e8re comme un gouvernement chr\u00e9tien moderne. Tous les autres sont progressistes, gauchistes\u00a0\u00bb, selon lui.<\/p>\n<p>Il a aussi critiqu\u00e9 la politique de l&rsquo;UE face \u00e0 la guerre en Ukraine, assurant que \u00ab\u00a0les seuls gouvernements favorables \u00e0 la paix \u00e9taient les Etats-Unis et la petite Hongrie.\u00a0\u00bb<\/p>\n<p>Viktor Orban a refus\u00e9 d&rsquo;envoyer une aide militaire \u00e0 l&rsquo;Ukraine et il s&rsquo;est oppos\u00e9, \u00e0 l&rsquo;Otan et \u00e0 l&rsquo;Union europ\u00e9enne, \u00e0 une action plus ferme contre la Russie apr\u00e8s son invasion militaire de l&rsquo;Ukraine.<\/p>\n<p>L&rsquo;administration am\u00e9ricaine s&rsquo;est par ailleurs engag\u00e9e \u00e0 fermer un m\u00e9dia en langue hongroise financ\u00e9 par les \u00c9tats-Unis afin de soutenir le Premier ministre nationaliste.<\/p>\n<p>Donald Trump \u00ab\u00a0a d\u00e9j\u00e0 prouv\u00e9 qu&rsquo;il \u00e9tait pr\u00eat \u00e0 aider ses alli\u00e9s id\u00e9ologiques\u00a0\u00bb, en particulier \u00e0 l&rsquo;approche d&rsquo;\u00e9lections, rappelle \u00e0 l&rsquo;AFP Daniel Hegedus, expert de l&rsquo;Europe centrale et orientale aupr\u00e8s du German Marshall Fund.<\/p>\n<p>Washington a par exemple vol\u00e9 au secours financi\u00e8rement du pr\u00e9sident argentin Javier Milei, un autre ardent partisan de Donald Trump.<\/p>\n","protected":false},"excerpt":{"rendered":"Donald Trump a accept\u00e9 d&rsquo;accorder \u00e0 la Hongrie une d\u00e9rogation aux sanctions am\u00e9ricaines li\u00e9es au p\u00e9trole russe, lors&hellip;\n","protected":false},"author":2,"featured_media":519673,"comment_status":"","ping_status":"","sticky":false,"template":"","format":"standard","meta":{"footnotes":""},"categories":[1591],"tags":[11,1887,12,1885,1886,132],"class_list":{"0":"post-519672","1":"post","2":"type-post","3":"status-publish","4":"format-standard","5":"has-post-thumbnail","7":"category-russie","8":"tag-actualites","9":"tag-federation-de-russie","10":"tag-news","11":"tag-russia","12":"tag-russian-federation","13":"tag-russie"},"share_on_mastodon":{"url":"https:\/\/pubeurope.com\/@fr\/115511930612773351","error":""},"_links":{"self":[{"href":"https:\/\/www.europesays.com\/fr\/wp-json\/wp\/v2\/posts\/519672","targetHints":{"allow":["GET"]}}],"collection":[{"href":"https:\/\/www.europesays.com\/fr\/wp-json\/wp\/v2\/posts"}],"about":[{"href":"https:\/\/www.europesays.com\/fr\/wp-json\/wp\/v2\/types\/post"}],"author":[{"embeddable":true,"href":"https:\/\/www.europesays.com\/fr\/wp-json\/wp\/v2\/users\/2"}],"replies":[{"embeddable":true,"href":"https:\/\/www.europesays.com\/fr\/wp-json\/wp\/v2\/comments?post=519672"}],"version-history":[{"count":0,"href":"https:\/\/www.europesays.com\/fr\/wp-json\/wp\/v2\/posts\/519672\/revisions"}],"wp:featuredmedia":[{"embeddable":true,"href":"https:\/\/www.europesays.com\/fr\/wp-json\/wp\/v2\/media\/519673"}],"wp:attachment":[{"href":"https:\/\/www.europesays.com\/fr\/wp-json\/wp\/v2\/media?parent=519672"}],"wp:term":[{"taxonomy":"category","embeddable":true,"href":"https:\/\/www.europesays.com\/fr\/wp-json\/wp\/v2\/categories?post=519672"},{"taxonomy":"post_tag","embeddable":true,"href":"https:\/\/www.europesays.com\/fr\/wp-json\/wp\/v2\/tags?post=519672"}],"curies":[{"name":"wp","href":"https:\/\/api.w.org\/{rel}","templated":true}]}}