{"id":519678,"date":"2025-11-08T03:24:19","date_gmt":"2025-11-08T03:24:19","guid":{"rendered":"https:\/\/www.europesays.com\/fr\/519678\/"},"modified":"2025-11-08T03:24:19","modified_gmt":"2025-11-08T03:24:19","slug":"le-royaume-uni-salue-le-retrait-du-nom-du-president-al-charaa-de-la-liste-des-sanctions","status":"publish","type":"post","link":"https:\/\/www.europesays.com\/fr\/519678\/","title":{"rendered":"Le Royaume-Uni salue le retrait du nom du pr\u00e9sident Al-Charaa de la liste des sanctions"},"content":{"rendered":"<p>New York \u2013 SANA\/ Le Royaume-Uni a salu\u00e9 l\u2019adoption par le Conseil de s\u00e9curit\u00e9 des Nations Unies de la r\u00e9solution num\u00e9ro 2799, qui retire le nom du pr\u00e9sident Ahmad Al-Charaa et du ministre de l\u2019Int\u00e9rieur Anas Khattab de la liste des sanctions internationales.<\/p>\n<p>La mission britannique aupr\u00e8s des Nations Unies a d\u00e9clar\u00e9 dans une publication sur la plateforme (X) : \u201cNous continuerons \u00e0 soutenir le gouvernement syrien dans le respect de ses engagements pour construire un avenir plus stable, libre et prosp\u00e8re pour tous les Syriens\u201d.<\/p>\n<p>M.Ch.<\/p>\n","protected":false},"excerpt":{"rendered":"New York \u2013 SANA\/ Le Royaume-Uni a salu\u00e9 l\u2019adoption par le Conseil de s\u00e9curit\u00e9 des Nations Unies de&hellip;\n","protected":false},"author":2,"featured_media":519679,"comment_status":"","ping_status":"","sticky":false,"template":"","format":"standard","meta":{"footnotes":""},"categories":[1588],"tags":[11,1777,674,12,473,1853,1851,1850,1852],"class_list":{"0":"post-519678","1":"post","2":"type-post","3":"status-publish","4":"format-standard","5":"has-post-thumbnail","7":"category-royaume-uni","8":"tag-actualites","9":"tag-eu","10":"tag-europe","11":"tag-news","12":"tag-royaume-uni","13":"tag-royaume-uni-de-grande-bretagne-et-dirlande-du-nord","14":"tag-uk","15":"tag-united-kingdom","16":"tag-united-kingdom-of-great-britain-and-northern-ireland"},"share_on_mastodon":{"url":"https:\/\/pubeurope.com\/@fr\/115511942550121099","error":""},"_links":{"self":[{"href":"https:\/\/www.europesays.com\/fr\/wp-json\/wp\/v2\/posts\/519678","targetHints":{"allow":["GET"]}}],"collection":[{"href":"https:\/\/www.europesays.com\/fr\/wp-json\/wp\/v2\/posts"}],"about":[{"href":"https:\/\/www.europesays.com\/fr\/wp-json\/wp\/v2\/types\/post"}],"author":[{"embeddable":true,"href":"https:\/\/www.europesays.com\/fr\/wp-json\/wp\/v2\/users\/2"}],"replies":[{"embeddable":true,"href":"https:\/\/www.europesays.com\/fr\/wp-json\/wp\/v2\/comments?post=519678"}],"version-history":[{"count":0,"href":"https:\/\/www.europesays.com\/fr\/wp-json\/wp\/v2\/posts\/519678\/revisions"}],"wp:featuredmedia":[{"embeddable":true,"href":"https:\/\/www.europesays.com\/fr\/wp-json\/wp\/v2\/media\/519679"}],"wp:attachment":[{"href":"https:\/\/www.europesays.com\/fr\/wp-json\/wp\/v2\/media?parent=519678"}],"wp:term":[{"taxonomy":"category","embeddable":true,"href":"https:\/\/www.europesays.com\/fr\/wp-json\/wp\/v2\/categories?post=519678"},{"taxonomy":"post_tag","embeddable":true,"href":"https:\/\/www.europesays.com\/fr\/wp-json\/wp\/v2\/tags?post=519678"}],"curies":[{"name":"wp","href":"https:\/\/api.w.org\/{rel}","templated":true}]}}