{"id":519683,"date":"2025-11-08T03:27:20","date_gmt":"2025-11-08T03:27:20","guid":{"rendered":"https:\/\/www.europesays.com\/fr\/519683\/"},"modified":"2025-11-08T03:27:20","modified_gmt":"2025-11-08T03:27:20","slug":"lue-durcit-les-regles-des-visas-a-entrees-multiples-pour-les-ressortissants-russes","status":"publish","type":"post","link":"https:\/\/www.europesays.com\/fr\/519683\/","title":{"rendered":"L&rsquo;UE durcit les r\u00e8gles des visas \u00e0 entr\u00e9es multiples pour les ressortissants russes"},"content":{"rendered":"<p class=\"mb-4 text-lg md:leading-8 break-words\">L&rsquo;Union europ\u00e9enne a d\u00e9cid\u00e9, ce vendredi 7 novembre, de renforcer les r\u00e8gles relatives \u00e0 la d\u00e9livrance de visas Schengen \u00e0 entr\u00e9es multiples aux titulaires de passeports russes r\u00e9sidant en Russie. Pour ces derniers, il ne sera d\u00e9sormais possible que d&rsquo;obtenir un visa \u00e0 entr\u00e9e unique.<\/p>\n<p class=\"mb-4 text-lg md:leading-8 break-words\">Ils devront dor\u00e9navant faire une nouvelle demande de visa \u00e0 chaque voyage en Europe, ce qui permettra \u00ab\u00a0un examen attentif et fr\u00e9quent des demandeurs afin de r\u00e9duire tout risque potentiel pour la s\u00e9curit\u00e9\u00a0\u00bb, a indiqu\u00e9 la Commission europ\u00e9enne, le bras ex\u00e9cutif de l\u2019UE.<\/p>\n<p class=\"mb-4 text-lg md:leading-8 break-words\">\u00ab\u00a0Les nouvelles r\u00e8gles limitent consid\u00e9rablement la d\u00e9livrance de visas \u00e0 entr\u00e9es multiples aux demandeurs russes. Cela \u00e9tant, certaines exceptions limit\u00e9es subsistent\u00a0\u00bb, a d\u00e9clar\u00e9 Markus Lammert, porte-parole de la Commission europ\u00e9enne, lors d&rsquo;une conf\u00e9rence de presse tenue ce vendredi.<\/p>\n<p class=\"mb-4 text-lg md:leading-8 break-words\">Ces exceptions s&rsquo;appliquent aux membres de la famille proche des citoyens russes r\u00e9sidant dans l&rsquo;UE et aux membres de la famille des citoyens de l&rsquo;UE, qui peuvent obtenir des visas \u00e0 entr\u00e9es multiples valables pour une dur\u00e9e maximale d&rsquo;un an.<\/p>\n<p class=\"mb-4 text-lg md:leading-8 break-words\">En outre, les travailleurs du secteur des transports peuvent obtenir des visas \u00e0 entr\u00e9es multiples pour une dur\u00e9e maximale de neuf mois.<\/p>\n<p><img alt=\"Le b\u00e2timent de l'administration r\u00e9gionale est d\u00e9truit par les bombardements constants de la Russie \u00e0 Kherson, le 3 novembre 2025.\" loading=\"lazy\" width=\"808\" height=\"539\" decoding=\"async\" data-nimg=\"1\" class=\"rounded-lg\" style=\"color:transparent\" src=\"https:\/\/www.europesays.com\/fr\/wp-content\/uploads\/2025\/11\/bf8b4b53cb495a83fc3d7af104279581.jpeg\"\/><\/p>\n<p> Le b\u00e2timent de l&rsquo;administration r\u00e9gionale est d\u00e9truit par les bombardements constants de la Russie \u00e0 Kherson, 3 novembre 2025   &#8211; AP Photo <\/p>\n<p class=\"mb-4 text-lg md:leading-8 break-words\">Le porte-parole de la Commission a ajout\u00e9 que, dans des cas exceptionnels, les pays europ\u00e9ens peuvent \u00e9galement d\u00e9livrer des visas \u00e0 entr\u00e9es multiples \u00ab\u00a0\u00e0 des personnes dont la fiabilit\u00e9 et l&rsquo;int\u00e9grit\u00e9 ne font aucun doute\u00a0\u00bb, comme des dissidents, des journalistes ind\u00e9pendants, des d\u00e9fenseurs des droits de l&rsquo;homme et des repr\u00e9sentants d&rsquo;organisations de la soci\u00e9t\u00e9 civile.<\/p>\n<p class=\"mb-4 text-lg md:leading-8 break-words\">Les nouvelles r\u00e8gles ne sont pas r\u00e9troactives et ne s&rsquo;appliqueront qu&rsquo;aux nouvelles demandes.<\/p>\n<p class=\"mb-4 text-lg md:leading-8 break-words\">\u00ab\u00a0Nous faisons face aujourd\u2019hui \u00e0 des perturbations in\u00e9dites caus\u00e9es par des drones et \u00e0 des actes de sabotage sur notre territoire\u00a0\u00bb, a d\u00e9clar\u00e9 la cheffe de la diplomatie europ\u00e9enne, Kaja Kallas, en annon\u00e7ant le durcissement des r\u00e8gles de visa. \u00ab\u00a0Voyager et circuler librement au sein de l\u2019UE est un privil\u00e8ge, pas un droit acquis.\u00a0\u00bb<\/p>\n<p class=\"mb-4 text-lg md:leading-8 break-words\">Plus t\u00f4t cette semaine, la Commission a \u00e9galement exhort\u00e9 la Serbie \u00e0 cesser d\u2019accorder la citoyennet\u00e9 \u00e0 des Russes, ce qui facilite ensuite leur entr\u00e9e en Europe, estimant que cela \u00ab\u00a0repr\u00e9sente un risque potentiel pour la s\u00e9curit\u00e9 de l\u2019UE\u00a0\u00bb.<\/p>\n<p class=\"mb-4 text-lg md:leading-8 break-words\">La porte-parole du minist\u00e8re russe des Affaires \u00e9trang\u00e8res, Maria Zakharova, a vivement r\u00e9agi \u00e0 cette d\u00e9cision. \u00ab\u00a0La Commission europ\u00e9enne s\u2019est apparemment dit : \u201cPourquoi l\u2019Europe de l\u2019Ouest aurait-elle besoin de touristes solvables alors qu\u2019elle accueille d\u00e9j\u00e0 des migrants ill\u00e9gaux vivant d\u2019allocations et des d\u00e9serteurs ukrainiens ?\u201d\u00a0\u00bb, a-t-elle d\u00e9clar\u00e9.<\/p>\n<p>Restrictions ant\u00e9rieures<\/p>\n<p class=\"mb-4 text-lg md:leading-8 break-words\"><a href=\"https:\/\/fr.news.yahoo.com\/fin-visas-touristes-russes-lue-172651043.html\" data-ylk=\"slk:L&#039;Europe avait d\u00e9j\u00e0 renforc\u00e9 les r\u00e8gles en mati\u00e8re de visas;elm:context_link;itc:0;sec:content-canvas;outcm:mb_qualified_link;_E:mb_qualified_link;ct:story;\" class=\"link  yahoo-link\" target=\"_blank\" rel=\"noopener\"><strong>L&rsquo;Europe avait d\u00e9j\u00e0 renforc\u00e9 les r\u00e8gles en mati\u00e8re de visas<\/strong><\/a> pour les voyageurs russes \u00e0 la suite de l&rsquo;invasion massive de l&rsquo;Ukraine en 2022.<\/p>\n<p class=\"mb-4 text-lg md:leading-8 break-words\">L&rsquo;UE avait enti\u00e8rement suspendu l&rsquo;accord de facilitation des visas conclu avec la Russie, qui rendait les demandes de visa de court s\u00e9jour plus co\u00fbteuses et plus difficiles pour les Russes.<\/p>\n<p class=\"mb-4 text-lg md:leading-8 break-words\">Elle avait \u00e9galement d\u00e9clar\u00e9 que les documents de voyage russes d\u00e9livr\u00e9s dans les r\u00e9gions ukrainiennes occup\u00e9es par la Russie ne seraient pas accept\u00e9s pour entrer dans l&rsquo;espace Schengen.<\/p>\n<p class=\"mb-4 text-lg md:leading-8 break-words\">La Lituanie, la Lettonie et l&rsquo;Estonie sont all\u00e9es plus loin en restreignant l&rsquo;entr\u00e9e des citoyens russes sur leur territoire.<\/p>\n<p class=\"mb-4 text-lg md:leading-8 break-words\">En cons\u00e9quence, le nombre de visas d\u00e9livr\u00e9s aux Russes est pass\u00e9 de plus de 4 millions en 2019 \u00e0 environ 500 000 en 2023. En 2024, plus de 600 000 demandes de visas de court s\u00e9jour ont \u00e9t\u00e9 d\u00e9livr\u00e9es par l&rsquo;UE et les pays associ\u00e9s \u00e0 l&rsquo;espace Schengen \u00e0 des Russes, avec un taux de refus de 7,5 %, contre environ 520 000 en 2023, selon les donn\u00e9es de la Commission europ\u00e9enne.<\/p>\n","protected":false},"excerpt":{"rendered":"L&rsquo;Union europ\u00e9enne a d\u00e9cid\u00e9, ce vendredi 7 novembre, de renforcer les r\u00e8gles relatives \u00e0 la d\u00e9livrance de visas&hellip;\n","protected":false},"author":2,"featured_media":519684,"comment_status":"","ping_status":"","sticky":false,"template":"","format":"standard","meta":{"footnotes":""},"categories":[1586],"tags":[11,2196,21356,1777,674,1779,1011,27,49094,17319,64063,12,25,1778,364],"class_list":{"0":"post-519683","1":"post","2":"type-post","3":"status-publish","4":"format-standard","5":"has-post-thumbnail","7":"category-europe","8":"tag-actualites","9":"tag-commission-europeenne","10":"tag-entrees","11":"tag-eu","12":"tag-europe","13":"tag-european-union","14":"tag-fr","15":"tag-france","16":"tag-lunion-europeenne-2","17":"tag-les-regles","18":"tag-membres-de-la-famille","19":"tag-news","20":"tag-republique-francaise","21":"tag-ue","22":"tag-union-europeenne"},"share_on_mastodon":{"url":"https:\/\/pubeurope.com\/@fr\/115511954744797817","error":""},"_links":{"self":[{"href":"https:\/\/www.europesays.com\/fr\/wp-json\/wp\/v2\/posts\/519683","targetHints":{"allow":["GET"]}}],"collection":[{"href":"https:\/\/www.europesays.com\/fr\/wp-json\/wp\/v2\/posts"}],"about":[{"href":"https:\/\/www.europesays.com\/fr\/wp-json\/wp\/v2\/types\/post"}],"author":[{"embeddable":true,"href":"https:\/\/www.europesays.com\/fr\/wp-json\/wp\/v2\/users\/2"}],"replies":[{"embeddable":true,"href":"https:\/\/www.europesays.com\/fr\/wp-json\/wp\/v2\/comments?post=519683"}],"version-history":[{"count":0,"href":"https:\/\/www.europesays.com\/fr\/wp-json\/wp\/v2\/posts\/519683\/revisions"}],"wp:featuredmedia":[{"embeddable":true,"href":"https:\/\/www.europesays.com\/fr\/wp-json\/wp\/v2\/media\/519684"}],"wp:attachment":[{"href":"https:\/\/www.europesays.com\/fr\/wp-json\/wp\/v2\/media?parent=519683"}],"wp:term":[{"taxonomy":"category","embeddable":true,"href":"https:\/\/www.europesays.com\/fr\/wp-json\/wp\/v2\/categories?post=519683"},{"taxonomy":"post_tag","embeddable":true,"href":"https:\/\/www.europesays.com\/fr\/wp-json\/wp\/v2\/tags?post=519683"}],"curies":[{"name":"wp","href":"https:\/\/api.w.org\/{rel}","templated":true}]}}