{"id":519689,"date":"2025-11-08T03:30:16","date_gmt":"2025-11-08T03:30:16","guid":{"rendered":"https:\/\/www.europesays.com\/fr\/519689\/"},"modified":"2025-11-08T03:30:16","modified_gmt":"2025-11-08T03:30:16","slug":"france-afrique-du-sud-a-quelle-heure-et-sur-quelle-chaine-suivre-le-match-de-la-tournee-dautomne-de-rugby","status":"publish","type":"post","link":"https:\/\/www.europesays.com\/fr\/519689\/","title":{"rendered":"France-Afrique du Sud\u00a0: \u00e0 quelle heure et sur quelle cha\u00eene suivre le match de la tourn\u00e9e d\u2019automne de rugby\u00a0?"},"content":{"rendered":"<p class=\"paragraph text_align_left lp-f-body-02\">Le <a href=\"https:\/\/www.leparisien.fr\/sports\/rugby\/xv-de-france\/\" target=\"_blank\" rel=\"noreferrer nofollow noopener\">XV de France<\/a> est de retour. Quatre mois apr\u00e8s la tourn\u00e9e d\u2019\u00e9t\u00e9 en Nouvelle-Z\u00e9lande, sold\u00e9e par trois d\u00e9faites logiques avec un effectif nettement rajeuni, les Bleus lancent une nouvelle salve de matchs amicaux prestigieux ce samedi avec la r\u00e9ception de l\u2019Afrique du Sud au Stade de France. Un match tr\u00e8s attendu puis que les deux nations ne se sont pas affront\u00e9es depuis <a href=\"https:\/\/www.leparisien.fr\/sports\/rugby\/xv-de-france\/france-afrique-du-sud-deux-ans-apres-comment-la-generation-dupont-a-gere-le-traumatisme-06-11-2025-E7JO3MFUVFAKFADOKPVRZPPYYI.php\" target=\"_blank\" rel=\"noreferrer nofollow noopener\">le fameux quart de finale de Coupe du monde<\/a> remport\u00e9 par les Springboks, futurs champions du monde.<\/p>\n<p class=\"paragraph text_align_left lp-f-body-02\">Cette fois, <a href=\"https:\/\/www.leparisien.fr\/sports\/rugby\/fabien-galthie\/\" target=\"_blank\" rel=\"noreferrer nofollow noopener\">Fabien Galthi\u00e9<\/a> peut compter sur ses hommes forts. Inarr\u00eatable sur son aile, Louis Bielle-Biarrey est pr\u00e9sent, tout comme le ma\u00eetre \u00e0 jouer Romain Ntamack. De quoi mettre en danger \u00ab la meilleure \u00e9quipe de l\u2019histoire \u00bb, comme l\u2019a \u00e9voqu\u00e9 le s\u00e9lectionneur.<\/p>\n<p class=\"paragraph text_align_left lp-f-body-02\"><b>Ce match entre la France et l\u2019Afrique du Sud est \u00e0 suivre ce samedi \u00e0 21 heures sur TF1.<\/b><\/p>\n","protected":false},"excerpt":{"rendered":"Le XV de France est de retour. Quatre mois apr\u00e8s la tourn\u00e9e d\u2019\u00e9t\u00e9 en Nouvelle-Z\u00e9lande, sold\u00e9e par trois&hellip;\n","protected":false},"author":2,"featured_media":519690,"comment_status":"","ping_status":"","sticky":false,"template":"","format":"standard","meta":{"footnotes":""},"categories":[4],"tags":[11,1011,27,12,25,479,60,30845],"class_list":{"0":"post-519689","1":"post","2":"type-post","3":"status-publish","4":"format-standard","5":"has-post-thumbnail","7":"category-france","8":"tag-actualites","9":"tag-fr","10":"tag-france","11":"tag-news","12":"tag-republique-francaise","13":"tag-rugby","14":"tag-sports","15":"tag-xv-france"},"share_on_mastodon":{"url":"https:\/\/pubeurope.com\/@fr\/115511965960209457","error":""},"_links":{"self":[{"href":"https:\/\/www.europesays.com\/fr\/wp-json\/wp\/v2\/posts\/519689","targetHints":{"allow":["GET"]}}],"collection":[{"href":"https:\/\/www.europesays.com\/fr\/wp-json\/wp\/v2\/posts"}],"about":[{"href":"https:\/\/www.europesays.com\/fr\/wp-json\/wp\/v2\/types\/post"}],"author":[{"embeddable":true,"href":"https:\/\/www.europesays.com\/fr\/wp-json\/wp\/v2\/users\/2"}],"replies":[{"embeddable":true,"href":"https:\/\/www.europesays.com\/fr\/wp-json\/wp\/v2\/comments?post=519689"}],"version-history":[{"count":0,"href":"https:\/\/www.europesays.com\/fr\/wp-json\/wp\/v2\/posts\/519689\/revisions"}],"wp:featuredmedia":[{"embeddable":true,"href":"https:\/\/www.europesays.com\/fr\/wp-json\/wp\/v2\/media\/519690"}],"wp:attachment":[{"href":"https:\/\/www.europesays.com\/fr\/wp-json\/wp\/v2\/media?parent=519689"}],"wp:term":[{"taxonomy":"category","embeddable":true,"href":"https:\/\/www.europesays.com\/fr\/wp-json\/wp\/v2\/categories?post=519689"},{"taxonomy":"post_tag","embeddable":true,"href":"https:\/\/www.europesays.com\/fr\/wp-json\/wp\/v2\/tags?post=519689"}],"curies":[{"name":"wp","href":"https:\/\/api.w.org\/{rel}","templated":true}]}}