{"id":519691,"date":"2025-11-08T03:33:15","date_gmt":"2025-11-08T03:33:15","guid":{"rendered":"https:\/\/www.europesays.com\/fr\/519691\/"},"modified":"2025-11-08T03:33:15","modified_gmt":"2025-11-08T03:33:15","slug":"une-correction-en-chasse-une-autre-pour-les-jaune-et-noir-balayes-a-brive","status":"publish","type":"post","link":"https:\/\/www.europesays.com\/fr\/519691\/","title":{"rendered":"une correction en chasse une autre pour les jaune et noir, balay\u00e9s \u00e0 Brive"},"content":{"rendered":"<p>    Sur le m\u00eame sujet<\/p>\n<p>                        <a href=\"https:\/\/www.sudouest.fr\/sport\/rugby\/us-dax\/us-dax-contrat-parfaitement-rempli-contre-carcassonne-26635514.php\" title=\"US Dax\u00a0: contrat parfaitement rempli contre Carcassonne\" rel=\"nofollow noopener\" target=\"_blank\"><br \/>\n                            <img decoding=\"async\" src=\"https:\/\/www.europesays.com\/fr\/wp-content\/uploads\/2025\/11\/20251107204139-louv422.jpg\" alt=\"US Dax\u00a0: contrat parfaitement rempli contre Carcassonne\"\/><br \/>\n                        <\/a><\/p>\n<p>                    <a href=\"https:\/\/www.sudouest.fr\/sport\/rugby\/us-dax\/us-dax-contrat-parfaitement-rempli-contre-carcassonne-26635514.php\" title=\"US Dax\u00a0: contrat parfaitement rempli contre Carcassonne\" rel=\"nofollow noopener\" target=\"_blank\"><\/p>\n<p>\n                            US Dax\u00a0: contrat parfaitement rempli contre Carcassonne\n                        <\/p>\n<p>                    <\/a><\/p>\n<p>\n                        Les Dacquois ne sont plus derniers\u00a0: en battant Carcassonne sans trembler d\u2019une victoire bonifi\u00e9e (19-0), ils ont combl\u00e9 le retard sur leur adversaire du jour au cours d\u2019une soir\u00e9e sans emballement mais \u201ctout b\u00e9n\u00e9f\u201d, ce vendredi. Ils reviennent \u00e0 deux points de la 14e place du Stade Montois\n                    <\/p>\n<p>A contrario, les Montois \u2013 venus en Corr\u00e8ze avec une \u00e9quipe remani\u00e9e par onze changements, sans internationaux mais avec des retours de blessures \u2013 ont \u00e9t\u00e9 r\u00e9duits au r\u00f4le de faire-valoir au cours d\u2019un premier acte catastrophique, conclu sur le score sans appel de\u2026 42-3. Une semaine apr\u00e8s le succ\u00e8s record contre Nevers (71-10), ils ont une nouvelle fois fait \u00e9talage de leur impuissance hors de leurs bases. \u00c0 l\u2019issue de ce revers historique, le dixi\u00e8me d\u2019affil\u00e9e sans point en d\u00e9placement, ils n\u2019ont plus que deux longueurs d\u2019avance sur la derni\u00e8re place de Carcassonne, qui a conc\u00e9d\u00e9 le bonus offensif \u00e0 Dax (19-0), \u00e9galement revenu \u00e0 deux points. Et ce, \u00e0 trois semaines d\u2019un derby sous (tr\u00e8s) haute tension\u2026<\/p>\n<p>La touche a encore failli<\/p>\n<p>Roger Ripol esp\u00e9rait cette semaine que les jaune et noir trouvent \u00ab\u00a0de la r\u00e9gularit\u00e9\u00a0en conqu\u00eate \u00e0 l\u2019ext\u00e9rieur\u00a0\u00bb, malgr\u00e9 les nombreux internationaux absents ? Le coach de la m\u00eal\u00e9e va rapidement d\u00e9chanter. Car l\u2019entame de ses joueurs est cauchemardesque en touche, et le jeune Caiolo perd ses deux lancers inauguraux. Le premier, dans ses 5 m\u00e8tres, est une offrande pour les Brivistes de Sidobre, qui trouve la faille apr\u00e8s une s\u00e9quence de pick and go pr\u00e9coce (7-0, 2e). Le CAB ne tarde pas \u00e0 asseoir la domination de son alignement, et c\u2019est \u00e0 nouveau au d\u00e9part d\u2019une touche que survient le deuxi\u00e8me essai de Dridi, le cinqui\u00e8me du meilleur marqueur briviste, au milieu d\u2019une d\u00e9fense d\u00e9bord\u00e9e (14-3, 13e).<\/p>\n<blockquote><p>En pleine confiance, les Corr\u00e9ziens enfoncent le clou sur ballons port\u00e9s. \u00c0 deux reprises<\/p><\/blockquote>\n<p>En pleine confiance, les Corr\u00e9ziens enfoncent le clou sur ballons port\u00e9s. \u00c0 deux reprises\u00a0: le premier pour s\u2019adjuger le bonus offensif d\u00e8s la\u2026 18e minute (21-3), l\u2019autre pour enfoncer d\u00e9finitivement des Montois \u00e0 l\u2019envers, dans la lign\u00e9e de leurs prestations \u00e0 l\u2019ext\u00e9rieur (28-3, 21e). En dehors de la p\u00e9nalit\u00e9 de Loustalot, qui a r\u00e9compens\u00e9 la bonne pouss\u00e9e de sa m\u00eal\u00e9e (8e), ces derniers se montrent inefficaces, inoffensifs, asphyxi\u00e9s. D\u2019autant que Robic laisse les siens \u00e0 14 pour maul \u00e9croul\u00e9 (28e). Id\u00e9al pour des Coujoux en balade, qui s\u2019offrent un cinqui\u00e8me essai sans difficult\u00e9 (31e), puis un sixi\u00e8me avant la pause pour le doubl\u00e9 de Van der Merwe (40e +\u00a04). \u00c0 la pause, le score parle de lui-m\u00eame\u00a0: 42-3. Soit un point encaiss\u00e9 par minute.<\/p>\n<p>La d\u00e9fense a encore explos\u00e9<\/p>\n<p>Les hommes du duo Mareuil \u2013 Briscadieu, qui affichaient un triste bilan de 41 points encaiss\u00e9s de moyenne \u00e0 l\u2019ext\u00e9rieur, ont d\u00e9pass\u00e9 leur quota en \u00e0 peine une mi-temps. Une semaine apr\u00e8s un succ\u00e8s historique, et deux mois apr\u00e8s le non-match \u00e0 Agen (53-7), le spectre d\u2019un nouveau revers record plane au-dessus d\u2019Am\u00e9d\u00e9e-Domenech. Ce n\u2019est pas au go\u00fbt des avants, ragaillardis par l\u2019apport des entrants et lanc\u00e9s dans un baroud d\u2019honneur au retour des vestiaires. Apr\u00e8s une longue \u00e9preuve de force sur la ligne adverse, Cortes inscrit le premier essai des siens. Enfin (42-10, 53e).<\/p>\n<p>Ces derniers n\u2019ont plus rien \u00e0 esp\u00e9rer, si ce n\u2019est l\u2019envie de montrer un peu d\u2019orgueil et de remporter le deuxi\u00e8me acte. Un objectif anecdotique qui s\u2019envole apr\u00e8s l\u2019essai de l\u2019ancien Bayonnais Tisseron, deux nouveaux ballons port\u00e9s, et enfin la dixi\u00e8me r\u00e9alisation des Coujoux pour le doubl\u00e9 de Boudou (68-10, 76e), afin de refermer comme il se doit cette brillante copie face \u00e0 un adversaire \u00e0 l\u2019agonie. Les jaune et noir se pensaient enfin lanc\u00e9s apr\u00e8s le retentissant succ\u00e8s nivernais\u00a0? Ils sont brutalement rattrap\u00e9s par la dure r\u00e9alit\u00e9. Malgr\u00e9 toute leur bonne volont\u00e9, ils sont tout bonnement incapables de rivaliser loin de leurs bases. Une funeste spirale probablement r\u00e9dhibitoire en vue du maintien.<\/p>\n","protected":false},"excerpt":{"rendered":"Sur le m\u00eame sujet US Dax\u00a0: contrat parfaitement rempli contre Carcassonne Les Dacquois ne sont plus derniers\u00a0: en&hellip;\n","protected":false},"author":2,"featured_media":519692,"comment_status":"","ping_status":"","sticky":false,"template":"","format":"standard","meta":{"footnotes":""},"categories":[1416],"tags":[1011,27,479,1468,60],"class_list":{"0":"post-519691","1":"post","2":"type-post","3":"status-publish","4":"format-standard","5":"has-post-thumbnail","7":"category-rugby","8":"tag-fr","9":"tag-france","10":"tag-rugby","11":"tag-rugby-football","12":"tag-sports"},"share_on_mastodon":{"url":"https:\/\/pubeurope.com\/@fr\/115511978406078297","error":""},"_links":{"self":[{"href":"https:\/\/www.europesays.com\/fr\/wp-json\/wp\/v2\/posts\/519691","targetHints":{"allow":["GET"]}}],"collection":[{"href":"https:\/\/www.europesays.com\/fr\/wp-json\/wp\/v2\/posts"}],"about":[{"href":"https:\/\/www.europesays.com\/fr\/wp-json\/wp\/v2\/types\/post"}],"author":[{"embeddable":true,"href":"https:\/\/www.europesays.com\/fr\/wp-json\/wp\/v2\/users\/2"}],"replies":[{"embeddable":true,"href":"https:\/\/www.europesays.com\/fr\/wp-json\/wp\/v2\/comments?post=519691"}],"version-history":[{"count":0,"href":"https:\/\/www.europesays.com\/fr\/wp-json\/wp\/v2\/posts\/519691\/revisions"}],"wp:featuredmedia":[{"embeddable":true,"href":"https:\/\/www.europesays.com\/fr\/wp-json\/wp\/v2\/media\/519692"}],"wp:attachment":[{"href":"https:\/\/www.europesays.com\/fr\/wp-json\/wp\/v2\/media?parent=519691"}],"wp:term":[{"taxonomy":"category","embeddable":true,"href":"https:\/\/www.europesays.com\/fr\/wp-json\/wp\/v2\/categories?post=519691"},{"taxonomy":"post_tag","embeddable":true,"href":"https:\/\/www.europesays.com\/fr\/wp-json\/wp\/v2\/tags?post=519691"}],"curies":[{"name":"wp","href":"https:\/\/api.w.org\/{rel}","templated":true}]}}