{"id":519693,"date":"2025-11-08T03:34:15","date_gmt":"2025-11-08T03:34:15","guid":{"rendered":"https:\/\/www.europesays.com\/fr\/519693\/"},"modified":"2025-11-08T03:34:15","modified_gmt":"2025-11-08T03:34:15","slug":"learner-tien-surclasse-le-lucky-loser-vitaliy-sachko-et-rejoint-cameron-norrie-en-finale-de-metz-lequipe","status":"publish","type":"post","link":"https:\/\/www.europesays.com\/fr\/519693\/","title":{"rendered":"Learner Tien surclasse le lucky-loser Vitaliy Sachko et rejoint Cameron Norrie en finale de Metz &#8211; L&#039;\u00c9quipe"},"content":{"rendered":"<ol>\n<li><a href=\"https:\/\/news.google.com\/rss\/articles\/CBMi3gFBVV95cUxPQ3QzdGJ3UlJ0OGlqcWs0UGtDeUIyVUExMXdkTEpmSVAzMHZfMWlFMFZEdElCQ2NJNkFUNk5TTUpxZHJNSUNPR0Fob2ItVG1UY1JNU1V2WFo2Q2xrN0RmUDFLbllNSTZhNmc2RUhCdTEwdUloWlVGbHVBd0lwRmJvVUd4RnNqU0lnS1dSZHZ5S1VyOUFWakoyLWg4RzM2cmFYWmlzWGpCM3V6cWIzX2Z0Y0VFcUtMUVo2M0d3blh4TTUzUm5NT1hDN1pzZkc2OEFwZTh4b0o4cWtUcFYybkE?oc=5\" target=\"_blank\" rel=\"nofollow noopener\">Learner Tien surclasse le lucky-loser Vitaliy Sachko et rejoint Cameron Norrie en finale de Metz<\/a>&nbsp;&nbsp;L&rsquo;\u00c9quipe<\/li>\n<li><a href=\"https:\/\/news.google.com\/rss\/articles\/CBMinAFBVV95cUxOVkNtRko1WEJkXzE2OWxsaFdjSXFpYXRCLWxRWnBQNHNUT1hORzRNNXBTMUpqSDI1YUZLdnBya0FTUzVPS3FsR01wSFk0UlhVWWxMaXNza0RJQUp0UTU1QlY0QjJxZWVGZ2lhMEd5eGhKRWs0Zmg1MkFYbFowZ2pSSFVLU2YtODhIbUc2dlpYb1I4Ukg3S1FEZTFsTm0?oc=5\" target=\"_blank\" rel=\"nofollow noopener\">Exclusif. Apr\u00e8s le Moselle Open, un nouveau tournoi ATP d\u00e8s 2026 \u00e0 Metz ?<\/a>&nbsp;&nbsp;Le Republicain Lorrain<\/li>\n<li><a href=\"https:\/\/news.google.com\/rss\/articles\/CBMi5gFBVV95cUxQSGxsM1ZkRnlyUXpkQ2VhWEtEY3R0LUpZZnZYb254UDIyS1ZhOVIwLTZaLUoybFlqMVJZNTVCTGh5WFVIRGlldkpVNVFmR2c0OWI3a3NvTjhMUnNHVFk5eWJnX1h4OVdMYzFtd2JHNDRKWE1XQWpvdDMtSEtOYTVnN2tCRXVrTl9DX0Q5aFllQ2g1akNZck5VNTg3TWk0ZzU5LVIxU3BYeXltNl9hTzR1emxocHFBelIwQ1R6WEpwNjFfS05wVGRFSVBERW03bU9oMWZWQkhxOXhfbFBjbEs5V2JDZ1F6UQ?oc=5\" target=\"_blank\" rel=\"nofollow noopener\">ATP Metz &#8211; Le tableau, le direct et les r\u00e9sultats &#8211; Cameron Norrie \u00e9carte Kyrian Jacquet, Learner Tien brille<\/a>&nbsp;&nbsp;ski-nordique.net<\/li>\n<li><a href=\"https:\/\/news.google.com\/rss\/articles\/CBMi7gFBVV95cUxPT214bFhrRkx5R1p6bnpNUVVWNTV2TEd4M1VTSWpOTmVBalZkWWYwOTRFNHFnVk92N1VhcGw2dGRTWks5ek03U0MzdGpMVUs1LVBVTm93aV9fQkZuSkl0UjVaemN5eXVsTVBCaXVxNWpRNGt3U29LbTEwdk5lWDMtcDMtT19LVDNDcEg5UFlwcFZOYW1jbXRpWWlPbjVqQU02RUxWallhYlFkMDVZWnhTaDM5Y2g2SlVhdElheE52ZUd6TDBUOGlJY1V3bWhnVnl1RHNvWjB0M0Rsek1xNEhWMGV4d2w5OGprLWZZdkhn?oc=5\" target=\"_blank\" rel=\"nofollow noopener\">ATP 250 Moselle Open &#8211; Du bouquet final au p\u00e9tard mouill\u00e9 : Pour sa der, Metz m\u00e9ritait mieux<\/a>&nbsp;&nbsp;Eurosport<\/li>\n<li><a href=\"https:\/\/news.google.com\/rss\/articles\/CBMi5gFBVV95cUxNYXhDdDZ1Vk5jX0NpUkNJSm9iZTV6azQxUGUtZW95a0NldEdLaWt4Q1RpY2V3RExDZkRtck0tZUVUcUFEd253aHdKWlNkc0p1LW4zRDg3T3ZVbkNfVWYzRG15TmlIMFBrdkY3NVZKY2hMWFRvMVVfSnh1bG9ldUNiNTc0dG9xR0xiM05OdlBVV0EzOXhSamp3Z2JjdUVxZnF3TlpUcE5NNEI3Z085bEFtQnlHeTdoWHpURHRlOVVwZEJqT0JOZW5aOVExR05lQVp3bElaWGdTMG9jV1U4MEZXV0lhLTJ0dw?oc=5\" target=\"_blank\" rel=\"nofollow noopener\">Metz pourrait accueillir un nouveau tournoi du circuit ATP, apr\u00e8s la disparition du Moselle Open<\/a>&nbsp;&nbsp;MSN<\/li>\n<\/ol>\n","protected":false},"excerpt":{"rendered":"Learner Tien surclasse le lucky-loser Vitaliy Sachko et rejoint Cameron Norrie en finale de Metz&nbsp;&nbsp;L&rsquo;\u00c9quipe Exclusif. Apr\u00e8s le&hellip;\n","protected":false},"author":2,"featured_media":519694,"comment_status":"","ping_status":"","sticky":false,"template":"","format":"standard","meta":{"footnotes":""},"categories":[1415],"tags":[1011,27,60,1467],"class_list":{"0":"post-519693","1":"post","2":"type-post","3":"status-publish","4":"format-standard","5":"has-post-thumbnail","7":"category-tennis","8":"tag-fr","9":"tag-france","10":"tag-sports","11":"tag-tennis"},"share_on_mastodon":{"url":"https:\/\/pubeurope.com\/@fr\/115511981728191455","error":""},"_links":{"self":[{"href":"https:\/\/www.europesays.com\/fr\/wp-json\/wp\/v2\/posts\/519693","targetHints":{"allow":["GET"]}}],"collection":[{"href":"https:\/\/www.europesays.com\/fr\/wp-json\/wp\/v2\/posts"}],"about":[{"href":"https:\/\/www.europesays.com\/fr\/wp-json\/wp\/v2\/types\/post"}],"author":[{"embeddable":true,"href":"https:\/\/www.europesays.com\/fr\/wp-json\/wp\/v2\/users\/2"}],"replies":[{"embeddable":true,"href":"https:\/\/www.europesays.com\/fr\/wp-json\/wp\/v2\/comments?post=519693"}],"version-history":[{"count":0,"href":"https:\/\/www.europesays.com\/fr\/wp-json\/wp\/v2\/posts\/519693\/revisions"}],"wp:featuredmedia":[{"embeddable":true,"href":"https:\/\/www.europesays.com\/fr\/wp-json\/wp\/v2\/media\/519694"}],"wp:attachment":[{"href":"https:\/\/www.europesays.com\/fr\/wp-json\/wp\/v2\/media?parent=519693"}],"wp:term":[{"taxonomy":"category","embeddable":true,"href":"https:\/\/www.europesays.com\/fr\/wp-json\/wp\/v2\/categories?post=519693"},{"taxonomy":"post_tag","embeddable":true,"href":"https:\/\/www.europesays.com\/fr\/wp-json\/wp\/v2\/tags?post=519693"}],"curies":[{"name":"wp","href":"https:\/\/api.w.org\/{rel}","templated":true}]}}