{"id":519695,"date":"2025-11-08T03:38:13","date_gmt":"2025-11-08T03:38:13","guid":{"rendered":"https:\/\/www.europesays.com\/fr\/519695\/"},"modified":"2025-11-08T03:38:13","modified_gmt":"2025-11-08T03:38:13","slug":"un-contretemps-pour-zoe-backstedt-actualite","status":"publish","type":"post","link":"https:\/\/www.europesays.com\/fr\/519695\/","title":{"rendered":"Un contretemps pour Zoe Backstedt &#8211; Actualit\u00e9"},"content":{"rendered":"<p style=\"text-align: justify;\"><strong><a href=\"https:\/\/www.directvelo.com\/coureur\/42483\/zoe-backstedt\" target=\"_blank\" rel=\"noopener\">Zoe Backstedt<\/a><\/strong>\u00a0(Canyon\/\/SRAM Zondacrypto) devra patienter avant de lancer sa saison hivernale. La double Championne du Monde Espoirs, qui n\u2019avait pas pr\u00e9vu de disputer ce week-end le Championnat d\u2019Europe, s\u2019est cass\u00e9e le poignet la semaine pass\u00e9e \u00e0 l\u2019entra\u00eenement.<\/p>\n<p>\u201cJe le vis plut\u00f4t bien malgr\u00e9 ce contretemps. Oui, bien s\u00fbr, c\u2019est emb\u00eatant de ne pas pouvoir courir et de ne pas pouvoir commencer ma saison comme je le voulais. \u00c7a repousse aussi un peu certains objectifs que je m\u2019\u00e9tais fix\u00e9s pour cette ann\u00e9e. Mais les obstacles sont faits pour \u00eatre surmont\u00e9s, et je suis s\u00fbre que je pourrai revenir encore plus forte. Peut-\u00eatre ne vous attendez pas \u00e0 trop de moi lors des premi\u00e8res courses, mais une fois que j\u2019aurai retrouv\u00e9 mon rythme, tout ira bien\u201d, \u00e9crit la Britannique sur Instagram. La date de sa reprise en comp\u00e9tition n\u2019est pas encore connue.<\/p>\n<p>L\u2019hiver pass\u00e9, outre son titre Mondial \u00e0 Li\u00e9vin chez les Espoirs, elle avait pris la 4e place de la Coupe du Monde \u00c9lite.<\/p>\n","protected":false},"excerpt":{"rendered":"Zoe Backstedt\u00a0(Canyon\/\/SRAM Zondacrypto) devra patienter avant de lancer sa saison hivernale. La double Championne du Monde Espoirs, qui&hellip;\n","protected":false},"author":2,"featured_media":519696,"comment_status":"","ping_status":"","sticky":false,"template":"","format":"standard","meta":{"footnotes":""},"categories":[1411],"tags":[834,828,836,829,837,827,83,826,824,823,1154,207,814,817,815,816,822,821,832,211,839,1011,27,820,818,819,835,831,830,833,838,60,212,208,825],"class_list":{"0":"post-519695","1":"post","2":"type-post","3":"status-publish","4":"format-standard","5":"has-post-thumbnail","7":"category-cyclisme","8":"tag-attaque","9":"tag-belgique","10":"tag-braquet","11":"tag-bretagne","12":"tag-chute","13":"tag-competition","14":"tag-coupe-de-france","15":"tag-coureur","16":"tag-course-cyclisme","17":"tag-course-cycliste","18":"tag-cycling","19":"tag-cyclisme","20":"tag-direct","21":"tag-direct-velo","22":"tag-directvelo","23":"tag-directvelo-com","24":"tag-epreuve","25":"tag-epreuve-cycliste","26":"tag-federation-francaise-de-cyclisme","27":"tag-ffc","28":"tag-flandres","29":"tag-fr","30":"tag-france","31":"tag-live","32":"tag-live-course","33":"tag-live-epreuve","34":"tag-peloton","35":"tag-radio-peloton","36":"tag-radio-tour","37":"tag-ravitaillement","38":"tag-relance","39":"tag-sports","40":"tag-uci","41":"tag-velo","42":"tag-velos"},"share_on_mastodon":{"url":"https:\/\/pubeurope.com\/@fr\/115511997513351563","error":""},"_links":{"self":[{"href":"https:\/\/www.europesays.com\/fr\/wp-json\/wp\/v2\/posts\/519695","targetHints":{"allow":["GET"]}}],"collection":[{"href":"https:\/\/www.europesays.com\/fr\/wp-json\/wp\/v2\/posts"}],"about":[{"href":"https:\/\/www.europesays.com\/fr\/wp-json\/wp\/v2\/types\/post"}],"author":[{"embeddable":true,"href":"https:\/\/www.europesays.com\/fr\/wp-json\/wp\/v2\/users\/2"}],"replies":[{"embeddable":true,"href":"https:\/\/www.europesays.com\/fr\/wp-json\/wp\/v2\/comments?post=519695"}],"version-history":[{"count":0,"href":"https:\/\/www.europesays.com\/fr\/wp-json\/wp\/v2\/posts\/519695\/revisions"}],"wp:featuredmedia":[{"embeddable":true,"href":"https:\/\/www.europesays.com\/fr\/wp-json\/wp\/v2\/media\/519696"}],"wp:attachment":[{"href":"https:\/\/www.europesays.com\/fr\/wp-json\/wp\/v2\/media?parent=519695"}],"wp:term":[{"taxonomy":"category","embeddable":true,"href":"https:\/\/www.europesays.com\/fr\/wp-json\/wp\/v2\/categories?post=519695"},{"taxonomy":"post_tag","embeddable":true,"href":"https:\/\/www.europesays.com\/fr\/wp-json\/wp\/v2\/tags?post=519695"}],"curies":[{"name":"wp","href":"https:\/\/api.w.org\/{rel}","templated":true}]}}