{"id":519709,"date":"2025-11-08T03:46:13","date_gmt":"2025-11-08T03:46:13","guid":{"rendered":"https:\/\/www.europesays.com\/fr\/519709\/"},"modified":"2025-11-08T03:46:13","modified_gmt":"2025-11-08T03:46:13","slug":"parler-sans-tabou-du-cancer-de-la-prostate-avec-lapclp","status":"publish","type":"post","link":"https:\/\/www.europesays.com\/fr\/519709\/","title":{"rendered":"parler sans tabou du cancer de la prostate avec l\u2019APCLP"},"content":{"rendered":"<p>Avec environ 60.000 nouveaux cas chaque ann\u00e9e, le cancer de la prostate est la pathologie canc\u00e9reuse la plus fr\u00e9quente chez les hommes en France. Si le nombre de malades est chaque ann\u00e9e de plus en plus important, en parler s\u2019av\u00e8re toujours compliqu\u00e9. \u00c0 cause des effets secondaires des traitements, incontinence ou probl\u00e8me d\u2019\u00e9rection notamment, certains malades ont honte et s\u2019isolent. C\u2019est pour contrer cela que l\u2019<a target=\"_self\" href=\"https:\/\/www.lanouvellerepublique.fr\/tours\/indre-et-loire-parler-du-cancer-de-la-prostate-sans-tabou\" rel=\"noopener\">Association des patients porteurs d\u2019un cancer localis\u00e9 de la prostate<\/a> (APCLP) a \u00e9t\u00e9 fond\u00e9e&#8230;. <\/p>\n<p>    Cet article a \u00e9t\u00e9 tronqu\u00e9. Abonnez-vous pour lire l&rsquo;article complet sur notre site.<\/p>\n<p style=\"margin: 0 !important; padding: 0 !important; font-size: 12px !important;\">Cet article a \u00e9t\u00e9 tronqu\u00e9. Abonnez-vous pour lire l&rsquo;article complet.<\/p>\n<p>    <a href=\"https:\/\/www.lanouvellerepublique.fr\/abonnements\" style=\"display: inline-block; margin-top: 5px !important; padding: 6px 12px !important; background: #cb1c27; color: white; text-decoration: none; border-radius: 4px; font-size: 12px !important;\" target=\"_blank\" rel=\"noopener\"><br \/>\n      S&rsquo;abonner<br \/>\n    <\/a><\/p>\n","protected":false},"excerpt":{"rendered":"Avec environ 60.000 nouveaux cas chaque ann\u00e9e, le cancer de la prostate est la pathologie canc\u00e9reuse la plus&hellip;\n","protected":false},"author":2,"featured_media":519710,"comment_status":"","ping_status":"","sticky":false,"template":"","format":"standard","meta":{"footnotes":""},"categories":[10],"tags":[328,1392,55955,19489,2545,64064,1011,27,64065,72,100,13686,6752,1653,71,3552,1584],"class_list":{"0":"post-519709","1":"post","2":"type-post","3":"status-publish","4":"format-standard","5":"has-post-thumbnail","7":"category-sante","8":"tag-a-la-une","9":"tag-a-la-une-local","10":"tag-buxerolles","11":"tag-chatellerault","12":"tag-deux-sevres","13":"tag-faye-labbesse","14":"tag-fr","15":"tag-france","16":"tag-generation-plus","17":"tag-health","18":"tag-hopital","19":"tag-loudun","20":"tag-niort","21":"tag-poitiers","22":"tag-sante","23":"tag-seniors","24":"tag-vienne"},"share_on_mastodon":{"url":"https:\/\/pubeurope.com\/@fr\/115512028920622605","error":""},"_links":{"self":[{"href":"https:\/\/www.europesays.com\/fr\/wp-json\/wp\/v2\/posts\/519709","targetHints":{"allow":["GET"]}}],"collection":[{"href":"https:\/\/www.europesays.com\/fr\/wp-json\/wp\/v2\/posts"}],"about":[{"href":"https:\/\/www.europesays.com\/fr\/wp-json\/wp\/v2\/types\/post"}],"author":[{"embeddable":true,"href":"https:\/\/www.europesays.com\/fr\/wp-json\/wp\/v2\/users\/2"}],"replies":[{"embeddable":true,"href":"https:\/\/www.europesays.com\/fr\/wp-json\/wp\/v2\/comments?post=519709"}],"version-history":[{"count":0,"href":"https:\/\/www.europesays.com\/fr\/wp-json\/wp\/v2\/posts\/519709\/revisions"}],"wp:featuredmedia":[{"embeddable":true,"href":"https:\/\/www.europesays.com\/fr\/wp-json\/wp\/v2\/media\/519710"}],"wp:attachment":[{"href":"https:\/\/www.europesays.com\/fr\/wp-json\/wp\/v2\/media?parent=519709"}],"wp:term":[{"taxonomy":"category","embeddable":true,"href":"https:\/\/www.europesays.com\/fr\/wp-json\/wp\/v2\/categories?post=519709"},{"taxonomy":"post_tag","embeddable":true,"href":"https:\/\/www.europesays.com\/fr\/wp-json\/wp\/v2\/tags?post=519709"}],"curies":[{"name":"wp","href":"https:\/\/api.w.org\/{rel}","templated":true}]}}