{"id":519711,"date":"2025-11-08T03:47:13","date_gmt":"2025-11-08T03:47:13","guid":{"rendered":"https:\/\/www.europesays.com\/fr\/519711\/"},"modified":"2025-11-08T03:47:13","modified_gmt":"2025-11-08T03:47:13","slug":"affluence-record-au-21eme-siecle-dimanche-a-la-meinau-alsasports","status":"publish","type":"post","link":"https:\/\/www.europesays.com\/fr\/519711\/","title":{"rendered":"Affluence record au 21\u00e8me si\u00e8cle dimanche \u00e0 la Meinau ! \u2014 Alsa&rsquo;Sports"},"content":{"rendered":"<p><strong>Le stade de la Meinau rouvre enfin sa quatri\u00e8me et derni\u00e8re tribune Nord ce dimanche contre Lille, et accueillera plus de 30 000 personnes. Une premi\u00e8re au XXI\u00e8me si\u00e8cle. <\/strong><\/p>\n<p>C\u2019est un moment coch\u00e9 dans le calendrier depuis le d\u00e9but des travaux de la Meinau. Le stade du Racing va enfin rouvrir sa tribune Nord ce dimanche pour la r\u00e9ception de Lille en Ligue 1, et sera le th\u00e9\u00e2tre d\u2019un 66\u00e8me guichets ferm\u00e9s cons\u00e9cutif en championnat. Avec pour l\u2019occasion, une affluence record au 21\u00e8me si\u00e8cle \u00e0 la Meinau : plus de 30 000 spectateurs. La f\u00eate sera belle en tribunes, le terrain n\u2019a plus qu\u2019\u00e0 suivre. <\/p>\n","protected":false},"excerpt":{"rendered":"Le stade de la Meinau rouvre enfin sa quatri\u00e8me et derni\u00e8re tribune Nord ce dimanche contre Lille, et&hellip;\n","protected":false},"author":2,"featured_media":519712,"comment_status":"","ping_status":"","sticky":false,"template":"","format":"standard","meta":{"footnotes":""},"categories":[9],"tags":[63,1011,27,66,4448,60],"class_list":{"0":"post-519711","1":"post","2":"type-post","3":"status-publish","4":"format-standard","5":"has-post-thumbnail","7":"category-sports","8":"tag-football","9":"tag-fr","10":"tag-france","11":"tag-ligue-1","12":"tag-rc-strasbourg","13":"tag-sports"},"share_on_mastodon":{"url":"https:\/\/pubeurope.com\/@fr\/115512032903179135","error":""},"_links":{"self":[{"href":"https:\/\/www.europesays.com\/fr\/wp-json\/wp\/v2\/posts\/519711","targetHints":{"allow":["GET"]}}],"collection":[{"href":"https:\/\/www.europesays.com\/fr\/wp-json\/wp\/v2\/posts"}],"about":[{"href":"https:\/\/www.europesays.com\/fr\/wp-json\/wp\/v2\/types\/post"}],"author":[{"embeddable":true,"href":"https:\/\/www.europesays.com\/fr\/wp-json\/wp\/v2\/users\/2"}],"replies":[{"embeddable":true,"href":"https:\/\/www.europesays.com\/fr\/wp-json\/wp\/v2\/comments?post=519711"}],"version-history":[{"count":0,"href":"https:\/\/www.europesays.com\/fr\/wp-json\/wp\/v2\/posts\/519711\/revisions"}],"wp:featuredmedia":[{"embeddable":true,"href":"https:\/\/www.europesays.com\/fr\/wp-json\/wp\/v2\/media\/519712"}],"wp:attachment":[{"href":"https:\/\/www.europesays.com\/fr\/wp-json\/wp\/v2\/media?parent=519711"}],"wp:term":[{"taxonomy":"category","embeddable":true,"href":"https:\/\/www.europesays.com\/fr\/wp-json\/wp\/v2\/categories?post=519711"},{"taxonomy":"post_tag","embeddable":true,"href":"https:\/\/www.europesays.com\/fr\/wp-json\/wp\/v2\/tags?post=519711"}],"curies":[{"name":"wp","href":"https:\/\/api.w.org\/{rel}","templated":true}]}}