{"id":519717,"date":"2025-11-08T03:51:21","date_gmt":"2025-11-08T03:51:21","guid":{"rendered":"https:\/\/www.europesays.com\/fr\/519717\/"},"modified":"2025-11-08T03:51:21","modified_gmt":"2025-11-08T03:51:21","slug":"proprietaire-de-99-vehicules-a-morlaix-il-laissait-ses-voitures-stationnees-sans-les-bouger-depuis-des-mois","status":"publish","type":"post","link":"https:\/\/www.europesays.com\/fr\/519717\/","title":{"rendered":"Propri\u00e9taire de 99 v\u00e9hicules \u00e0 Morlaix, il laissait ses voitures stationn\u00e9es sans les bouger depuis des mois"},"content":{"rendered":"<p>Morlaix a-t-elle affaire \u00e0 un \u00ab\u00a0serial ventouseur\u00a0\u00bb\u00a0? C\u2019est la question sur laquelle se penchent actuellement les enqu\u00eateurs du commissariat de la cit\u00e9 du viaduc. Les forces de l\u2019ordre ont r\u00e9cemment fait le constat d\u2019un nombre croissant de voitures ventouses, pour la plupart stationn\u00e9es dans le secteur de la gare de Morlaix (29).<\/p>\n<p>19 v\u00e9hicules gar\u00e9s dans une m\u00eame rue<\/p>\n<p>L\u2019enqu\u00eate a permis de remonter jusqu\u2019\u00e0 un Morlaisien \u00e2g\u00e9 d\u2019une quarantaine d\u2019ann\u00e9es qui, \u00e0 ce jour, s\u2019est av\u00e9r\u00e9 \u00eatre propri\u00e9taire d\u2019un total de 99 v\u00e9hicules, dont 72 sont \u00e0 son nom. Particuli\u00e8rement friand de Renault Twingo, l\u2019homme a pris pour habitude de laisser stationner durant des mois ses v\u00e9hicules aux alentours de la gare, un quartier o\u00f9 il r\u00e9side.<\/p>\n<p>Et notamment rue Michel-B\u00e9hic, o\u00f9 les policiers ont recens\u00e9 un total de 19 v\u00e9hicules stationn\u00e9s lui appartenant. En grande majorit\u00e9 des voitures ventouses pour lesquelles, sur certaines, de la mousse avait commenc\u00e9 \u00e0 pousser. Jeudi 6 novembre, de 14\u00a0h \u00e0 18\u00a0h, les policiers ont encadr\u00e9 une op\u00e9ration visant \u00e0 faire retirer par un fouri\u00e9riste de Saint-Pol-de-L\u00e9on (29), onze des dix-neuf v\u00e9hicules stationn\u00e9s rue Michel-B\u00e9hic.<\/p>\n<p>D\u00e9fauts de contr\u00f4le technique<\/p>\n<p>S\u2019il en reste encore huit pour cette seule rue, onze autres ont \u00e9t\u00e9 localis\u00e9es dans le secteur de la gare. Identifi\u00e9 depuis deux ans, le propri\u00e9taire des v\u00e9hicules s\u2019est engag\u00e9 aupr\u00e8s des forces de l\u2019ordre \u00e0 les d\u00e9placer vers un lieu priv\u00e9.<\/p>\n<p>Il fait l\u2019objet d\u2019une convocation au commissariat, o\u00f9 il devra s\u2019expliquer sur la situation administrative des v\u00e9hicules dont il est propri\u00e9taires. S\u2019ils sont bien tous assur\u00e9s, certains pr\u00e9sentaient notamment des d\u00e9fauts de contr\u00f4le technique. Ses motivations ainsi que l\u2019usage qu\u2019il fait de ces v\u00e9hicules sont pour le moment inconnues.<\/p>\n","protected":false},"excerpt":{"rendered":"Morlaix a-t-elle affaire \u00e0 un \u00ab\u00a0serial ventouseur\u00a0\u00bb\u00a0? C\u2019est la question sur laquelle se penchent actuellement les enqu\u00eateurs du&hellip;\n","protected":false},"author":2,"featured_media":519718,"comment_status":"","ping_status":"","sticky":false,"template":"","format":"standard","meta":{"footnotes":""},"categories":[6],"tags":[35,33,34,3321,1011,27,4555,2131],"class_list":{"0":"post-519717","1":"post","2":"type-post","3":"status-publish","4":"format-standard","5":"has-post-thumbnail","7":"category-economie","8":"tag-business","9":"tag-economie","10":"tag-economy","11":"tag-finistere","12":"tag-fr","13":"tag-france","14":"tag-local","15":"tag-morlaix"},"share_on_mastodon":{"url":"https:\/\/pubeurope.com\/@fr\/115512048706993901","error":""},"_links":{"self":[{"href":"https:\/\/www.europesays.com\/fr\/wp-json\/wp\/v2\/posts\/519717","targetHints":{"allow":["GET"]}}],"collection":[{"href":"https:\/\/www.europesays.com\/fr\/wp-json\/wp\/v2\/posts"}],"about":[{"href":"https:\/\/www.europesays.com\/fr\/wp-json\/wp\/v2\/types\/post"}],"author":[{"embeddable":true,"href":"https:\/\/www.europesays.com\/fr\/wp-json\/wp\/v2\/users\/2"}],"replies":[{"embeddable":true,"href":"https:\/\/www.europesays.com\/fr\/wp-json\/wp\/v2\/comments?post=519717"}],"version-history":[{"count":0,"href":"https:\/\/www.europesays.com\/fr\/wp-json\/wp\/v2\/posts\/519717\/revisions"}],"wp:featuredmedia":[{"embeddable":true,"href":"https:\/\/www.europesays.com\/fr\/wp-json\/wp\/v2\/media\/519718"}],"wp:attachment":[{"href":"https:\/\/www.europesays.com\/fr\/wp-json\/wp\/v2\/media?parent=519717"}],"wp:term":[{"taxonomy":"category","embeddable":true,"href":"https:\/\/www.europesays.com\/fr\/wp-json\/wp\/v2\/categories?post=519717"},{"taxonomy":"post_tag","embeddable":true,"href":"https:\/\/www.europesays.com\/fr\/wp-json\/wp\/v2\/tags?post=519717"}],"curies":[{"name":"wp","href":"https:\/\/api.w.org\/{rel}","templated":true}]}}