{"id":519722,"date":"2025-11-08T03:54:13","date_gmt":"2025-11-08T03:54:13","guid":{"rendered":"https:\/\/www.europesays.com\/fr\/519722\/"},"modified":"2025-11-08T03:54:13","modified_gmt":"2025-11-08T03:54:13","slug":"star-academy-2026-dix-eleves-en-danger-qui-a-ete-elimine","status":"publish","type":"post","link":"https:\/\/www.europesays.com\/fr\/519722\/","title":{"rendered":"Star Academy 2026 : dix \u00e9l\u00e8ves en danger, qui a \u00e9t\u00e9 \u00e9limin\u00e9 ?"},"content":{"rendered":"<p>      R\u00e9sum\u00e9<\/p>\n<p>Lors du quatri\u00e8me prime, une nouvelle m\u00e9canique a divis\u00e9 les candidats en \u00e9quipes, conduisant \u00e0 une \u00e9limination qui modifie l&rsquo;\u00e9quilibre des participants.<\/p>\n<p>        Sommaire<\/p>\n<p>Pour ce quatri\u00e8me prime de la saison, les \u00e9l\u00e8ves \u00e9taient plus que jamais sur le grill. Pour la premi\u00e8re fois en treize saisons de la Star Academy, une m\u00e9canique in\u00e9dite a \u00e9t\u00e9 propos\u00e9e : <strong>les 15 candidats ont \u00e9t\u00e9 divis\u00e9s en trois \u00e9quipes<\/strong>. A l&rsquo;issue des nominations de lundi, l&rsquo;\u00e9quipe jaune, compos\u00e9e de L\u00e9a, Lily, Ema, Victor et Bastiaan a \u00e9t\u00e9 immunis\u00e9e. Ce sont donc les \u00e9quipes bleue et rose qui se sont retrouv\u00e9es ce vendredi en danger. <strong>Avec une m\u00e9canique complexe et forc\u00e9ment \u00e0 r\u00e9-expliquer<\/strong> !<\/p>\n<p>Pendant tout le prime, auquel ont particip\u00e9 Zaz, Ridsa, Etienne Daho et <a href=\"https:\/\/vsd.fr\/70232-ca-cest-tres-dur-clara-luciani-se-confie-sur-ses-plus-grandes-craintes-en-tant-que-mere\/\" target=\"_blank\" rel=\"noopener\">l&rsquo;ancienne marraine Clara Luciani<\/a>, <strong>les deux \u00e9quipes nomm\u00e9es se sont d\u00e9fi\u00e9es sur trois th\u00e9matiques<\/strong>. Sur la battle de chant, les bleus se sont impos\u00e9s. Ce sont ensuite les roses qui ont fait forte impression sur la battle de danse. Enfin, c\u00f4t\u00e9 expression sc\u00e9nique, <a href=\"https:\/\/www.public.fr\/jai-honte-star-academy-rien-ne-va-plus-concernant-lhygiene-de-vie-des-candidats-marlene-schaff-rouspete\" target=\"_blank\" rel=\"noopener\">Marl\u00e8ne Schaff<\/a> a privil\u00e9gi\u00e9 elle aussi l&rsquo;\u00e9quipe des roses. Mais c&rsquo;est le public de la Star Ac qui a toujours le dernier mot&#8230;<\/p>\n<p>A l&rsquo;issue du premier vote, <strong>l&rsquo;\u00e9quipe rose a donc \u00e9t\u00e9 sauv\u00e9e par le public<\/strong>. Anouk, Jeanne, Th\u00e9o L., Th\u00e9o P. et L\u00e9ane ont ainsi pu retourner au ch\u00e2teau. Pour les quatre \u00e9l\u00e8ves restants puisque Ambre est immunis\u00e9e, la m\u00e9canique est in\u00e9dite : un est sauv\u00e9 par le public via un nouvel appel aux votes. Les profs en sauvent ensuite un deuxi\u00e8me, et les \u00e9l\u00e8ves d\u00e9partagent les deux derniers.<\/p>\n<p>Les profs et les \u00e9l\u00e8ves ont tranch\u00e9, et la \u00ab\u00a0Star Ac\u00a0\u00bb est finie pour&#8230;<\/p>\n<p>Ainsi, le verdict est tomb\u00e9&#8230; <strong>L\u00e9o a \u00e9t\u00e9 sauv\u00e9 par le public<\/strong> et a gagn\u00e9 sept jours suppl\u00e9mentaires au moins \u00e0 Dammarie-les-Lys. <strong>Les profs, eux, ont sans surprise choisi de sauver Sarah<\/strong>. Les \u00e9l\u00e8ves ont donc d\u00fb trancher entre M\u00e9lissa et Noah. A l&rsquo;issue d&rsquo;un vote plut\u00f4t unanime, c&rsquo;est finalement Noah qui a \u00e9t\u00e9 pri\u00e9 de tirer un trait sur son r\u00eave. Il rejoint ainsi <a href=\"https:\/\/www.public.fr\/star-academy-2025-ema-lenny-ou-noah-qui-a-ete-elimine\" target=\"_blank\" rel=\"noopener\">Lenny et Mehdi<\/a>. La disparit\u00e9 entre les deux sexes est encore plus importante \u00e0 pr\u00e9sent, avec neuf femmes face \u00e0 cinq hommes&#8230;<\/p>\n<p>\n          Hits &amp; People en continu\n        <\/p>\n<p>\n          Public Radio\n        <\/p>\n<p>      Mentionn\u00e9s dans cet article<\/p>\n<p>      Sur le m\u00eame sujet<\/p>\n","protected":false},"excerpt":{"rendered":"R\u00e9sum\u00e9 Lors du quatri\u00e8me prime, une nouvelle m\u00e9canique a divis\u00e9 les candidats en \u00e9quipes, conduisant \u00e0 une \u00e9limination&hellip;\n","protected":false},"author":2,"featured_media":519723,"comment_status":"","ping_status":"","sticky":false,"template":"","format":"standard","meta":{"footnotes":""},"categories":[2],"tags":[11,1011,27,12,10827,5095,199],"class_list":{"0":"post-519722","1":"post","2":"type-post","3":"status-publish","4":"format-standard","5":"has-post-thumbnail","7":"category-actualites","8":"tag-actualites","9":"tag-fr","10":"tag-france","11":"tag-news","12":"tag-nikos-aliagas","13":"tag-star-academy","14":"tag-tf1"},"share_on_mastodon":{"url":"https:\/\/pubeurope.com\/@fr\/115512060408847686","error":""},"_links":{"self":[{"href":"https:\/\/www.europesays.com\/fr\/wp-json\/wp\/v2\/posts\/519722","targetHints":{"allow":["GET"]}}],"collection":[{"href":"https:\/\/www.europesays.com\/fr\/wp-json\/wp\/v2\/posts"}],"about":[{"href":"https:\/\/www.europesays.com\/fr\/wp-json\/wp\/v2\/types\/post"}],"author":[{"embeddable":true,"href":"https:\/\/www.europesays.com\/fr\/wp-json\/wp\/v2\/users\/2"}],"replies":[{"embeddable":true,"href":"https:\/\/www.europesays.com\/fr\/wp-json\/wp\/v2\/comments?post=519722"}],"version-history":[{"count":0,"href":"https:\/\/www.europesays.com\/fr\/wp-json\/wp\/v2\/posts\/519722\/revisions"}],"wp:featuredmedia":[{"embeddable":true,"href":"https:\/\/www.europesays.com\/fr\/wp-json\/wp\/v2\/media\/519723"}],"wp:attachment":[{"href":"https:\/\/www.europesays.com\/fr\/wp-json\/wp\/v2\/media?parent=519722"}],"wp:term":[{"taxonomy":"category","embeddable":true,"href":"https:\/\/www.europesays.com\/fr\/wp-json\/wp\/v2\/categories?post=519722"},{"taxonomy":"post_tag","embeddable":true,"href":"https:\/\/www.europesays.com\/fr\/wp-json\/wp\/v2\/tags?post=519722"}],"curies":[{"name":"wp","href":"https:\/\/api.w.org\/{rel}","templated":true}]}}