{"id":519735,"date":"2025-11-08T04:10:23","date_gmt":"2025-11-08T04:10:23","guid":{"rendered":"https:\/\/www.europesays.com\/fr\/519735\/"},"modified":"2025-11-08T04:10:23","modified_gmt":"2025-11-08T04:10:23","slug":"en-normandie-tout-sourit-a-berrichonne-de-chateauroux","status":"publish","type":"post","link":"https:\/\/www.europesays.com\/fr\/519735\/","title":{"rendered":"en Normandie, tout sourit \u00e0 Berrichonne de Ch\u00e2teauroux"},"content":{"rendered":"<p><strong>Quevilly-Rouen M\u00e9tropole\u00a0: 0<\/strong><br \/><strong>Berrichonne\u00a0: 3<\/strong><\/p>\n<p>De notre envoy\u00e9 sp\u00e9cial au stade Robert-Diochon<\/p>\n<p>Apr\u00e8s <a target=\"_self\" href=\"https:\/\/www.lanouvellerepublique.fr\/chateauroux\/undefined\" rel=\"noopener\">le naufrage<\/a> \u00e0 domicile face \u00e0 Aubagne (0-3), venant ponctuer un terne mois d\u2019octobre, la Berrichonne esp\u00e9rait retrouver des couleurs en Normandie. Elle en revient ragaillardie apr\u00e8s un succ\u00e8s net et sans bavure qui lui permet de reprendre ses aises au classement. Un succ\u00e8s qui s\u2019est dessin\u00e9 en d\u00e9but de deuxi\u00e8me p\u00e9riode avec trois buts en moins de 20 minutes. Une reprise canon qui a fait oublier la premi\u00e8re p\u00e9riode.<\/p>\n<p>Valentin Guichard s\u2019\u00e9tait creus\u00e9 la t\u00eate toute la semaine pour <a target=\"_self\" href=\"https:\/\/www.lanouvellerepublique.fr\/chateauroux\/la-berrichonne-de-chateauroux-aimerait-revoir-sa-normandie-1762449534\" rel=\"noopener\">\u00ab\u00a0retrouver son \u00e9quipe perdue depuis la mi-temps \u00e0 Villefranche\u00a0\u00bb<\/a>. Il avait \u00e9voqu\u00e9 plusieurs changements dans son onze de d\u00e9part, il en a effectu\u00e9 cinq.\u00a0En plus de Kelo (pas du voyage), Noc (suspendu), El Hriti, Piquionne et Jean (pas sur la feuille) ne sont pas retenus parmi les titulaires. Au contraire de Diarra, de retour en d\u00e9fense centrale, de Goncalves \u00e0 gauche et d\u2019une ligne d\u2019attaque new-look compos\u00e9e de Verdier et Zakouani sur les c\u00f4t\u00e9s avec <a target=\"_self\" href=\"https:\/\/www.lanouvellerepublique.fr\/chateauroux\/national-un-joueur-de-la-berrichonne-de-chateauroux-sonne-la-revolte-1762445608\" rel=\"noopener\">Ahmed<\/a> dans l\u2019axe&#8230;. <\/p>\n<p>    Cet article a \u00e9t\u00e9 tronqu\u00e9. Abonnez-vous pour lire l&rsquo;article complet sur notre site.<\/p>\n<p style=\"margin: 0 !important; padding: 0 !important; font-size: 12px !important;\">Cet article a \u00e9t\u00e9 tronqu\u00e9. Abonnez-vous pour lire l&rsquo;article complet.<\/p>\n<p>    <a href=\"https:\/\/www.lanouvellerepublique.fr\/abonnements\" style=\"display: inline-block; margin-top: 5px !important; padding: 6px 12px !important; background: #cb1c27; color: white; text-decoration: none; border-radius: 4px; font-size: 12px !important;\" target=\"_blank\" rel=\"noopener\"><br \/>\n      S&rsquo;abonner<br \/>\n    <\/a><\/p>\n","protected":false},"excerpt":{"rendered":"Quevilly-Rouen M\u00e9tropole\u00a0: 0Berrichonne\u00a0: 3 De notre envoy\u00e9 sp\u00e9cial au stade Robert-Diochon Apr\u00e8s le naufrage \u00e0 domicile face \u00e0&hellip;\n","protected":false},"author":2,"featured_media":519736,"comment_status":"","ping_status":"","sticky":false,"template":"","format":"standard","meta":{"footnotes":""},"categories":[9587],"tags":[1392,1111,11,4351,1777,674,63,1011,27,5052,19881,19880,3238,12,5161,25,9590,60],"class_list":{"0":"post-519735","1":"post","2":"type-post","3":"status-publish","4":"format-standard","5":"has-post-thumbnail","7":"category-rouen","8":"tag-a-la-une-local","9":"tag-actu","10":"tag-actualites","11":"tag-chateauroux","12":"tag-eu","13":"tag-europe","14":"tag-football","15":"tag-fr","16":"tag-france","17":"tag-indre","18":"tag-la-berri-foot","19":"tag-la-berrichonne-football","20":"tag-national","21":"tag-news","22":"tag-normandie","23":"tag-republique-francaise","24":"tag-rouen","25":"tag-sports"},"share_on_mastodon":{"url":"https:\/\/pubeurope.com\/@fr\/115512123271178902","error":""},"_links":{"self":[{"href":"https:\/\/www.europesays.com\/fr\/wp-json\/wp\/v2\/posts\/519735","targetHints":{"allow":["GET"]}}],"collection":[{"href":"https:\/\/www.europesays.com\/fr\/wp-json\/wp\/v2\/posts"}],"about":[{"href":"https:\/\/www.europesays.com\/fr\/wp-json\/wp\/v2\/types\/post"}],"author":[{"embeddable":true,"href":"https:\/\/www.europesays.com\/fr\/wp-json\/wp\/v2\/users\/2"}],"replies":[{"embeddable":true,"href":"https:\/\/www.europesays.com\/fr\/wp-json\/wp\/v2\/comments?post=519735"}],"version-history":[{"count":0,"href":"https:\/\/www.europesays.com\/fr\/wp-json\/wp\/v2\/posts\/519735\/revisions"}],"wp:featuredmedia":[{"embeddable":true,"href":"https:\/\/www.europesays.com\/fr\/wp-json\/wp\/v2\/media\/519736"}],"wp:attachment":[{"href":"https:\/\/www.europesays.com\/fr\/wp-json\/wp\/v2\/media?parent=519735"}],"wp:term":[{"taxonomy":"category","embeddable":true,"href":"https:\/\/www.europesays.com\/fr\/wp-json\/wp\/v2\/categories?post=519735"},{"taxonomy":"post_tag","embeddable":true,"href":"https:\/\/www.europesays.com\/fr\/wp-json\/wp\/v2\/tags?post=519735"}],"curies":[{"name":"wp","href":"https:\/\/api.w.org\/{rel}","templated":true}]}}