{"id":519739,"date":"2025-11-08T04:15:24","date_gmt":"2025-11-08T04:15:24","guid":{"rendered":"https:\/\/www.europesays.com\/fr\/519739\/"},"modified":"2025-11-08T04:15:24","modified_gmt":"2025-11-08T04:15:24","slug":"malgre-la-menace-dune-suspension-shein-ouvrira-bien-des-boutiques-le-18-novembre-a-dijon-et-reims-le-21-a-grenoble","status":"publish","type":"post","link":"https:\/\/www.europesays.com\/fr\/519739\/","title":{"rendered":"Malgr\u00e9 la menace d\u2019une suspension, Shein ouvrira bien des boutiques le 18\u00a0novembre \u00e0 Dijon et Reims, le 21 \u00e0 Grenoble"},"content":{"rendered":"<p class=\"paragraph text_align_left lp-f-body-02\">Apr\u00e8s Paris, Shein va s\u2019installer le 18 novembre \u00e0 Dijon et Reims et le 21 novembre \u00e0 Grenoble, confirme vendredi \u00e0 l\u2019AFP <a href=\"https:\/\/www.leparisien.fr\/paris-75\/lexploitant-du-bhv-exclu-a-lunanimite-de-la-federation-des-grands-magasins-apres-son-alliance-avec-shein-13-10-2025-BFHGCQDLG5D6DG5UJQ66B6CH4E.php\" target=\"_blank\" rel=\"noreferrer nofollow noopener\">la Soci\u00e9t\u00e9 des grands magasins<\/a> (SGM), propri\u00e9taire des structures qui accueilleront le g\u00e9ant asiatique de fast-fashion.<\/p>\n<p class=\"paragraph text_align_left lp-f-body-02\">En revanche, aucune date exacte n\u2019a \u00e9t\u00e9 donn\u00e9e pour les magasins d\u2019Angers et Limoges, o\u00f9 l\u2019ouverture est d\u00e9sormais programm\u00e9e d\u00e9but d\u00e9cembre, selon la SGM.<\/p>\n<p class=\"paragraph text_align_left lp-f-body-02\">La plate-forme d\u2019e-commerce asiatique, <a href=\"https:\/\/www.leparisien.fr\/economie\/consommation\/procedure-de-suspension-lancee-contre-shein-les-questions-que-pose-cette-sanction-06-11-2025-SC5G7GQW4FHYPPVJ5PN3NXNUSM.php\" target=\"_blank\" rel=\"noreferrer nofollow noopener\">sous la menace d\u2019une suspension en France<\/a> apr\u00e8s la vente de poup\u00e9es sexuelles d\u2019apparence enfantine et d\u2019armes de cat\u00e9gorie A, doit ouvrir cinq magasins en plus de celui inaugur\u00e9 mercredi au BHV de Paris.<\/p>\n<p class=\"paragraph text_align_left lp-f-body-02\">Selon des chiffres de la SGM, pr\u00e8s de 8 000 personnes se sont rendues mercredi dans l\u2019espace de vente <a href=\"https:\/\/www.leparisien.fr\/economie\/shein\/\" target=\"_blank\" rel=\"noreferrer nofollow noopener\">Shein<\/a>, qui ouvrait l\u00e0 son premier magasin physique et p\u00e9renne au monde.<\/p>\n<p>\u00ab Suspendre \u00bb l\u2019arriv\u00e9e de Shein<\/p>\n<p class=\"paragraph text_align_left lp-f-body-02\">Les grands magasins qui accueilleront Shein dans ces villes vont bient\u00f4t \u00eatre rebaptis\u00e9s BHV, le groupe Galeries Lafayette, qui leur donnait leur nom, <a href=\"https:\/\/www.leparisien.fr\/economie\/polemique-shein-sept-magasins-galeries-lafayette-vont-changer-de-nom-04-11-2025-B5QXG6GLVJFOJP4U7677VNALL4.php\" target=\"_blank\" rel=\"noreferrer nofollow noopener\">ayant rompu son contrat avec la SGM<\/a> pour ne pas \u00eatre associ\u00e9 \u00e0 Shein.<\/p>\n<p class=\"paragraph text_align_left lp-f-body-02\">\u00c0 Grenoble, <a href=\"https:\/\/www.leparisien.fr\/economie\/les-pires-derives-de-lultra-fast-fashion-le-maire-eric-piolle-demande-la-suspension-de-larrivee-de-shein-a-grenoble-06-11-2025-FH5XOQWBK5HVZBIIQ55APQSMPQ.php?at_variant=photo&amp;at_creation=Le%20Parisien&amp;at_campaign=Partage%20Twitter%20CM&amp;at_medium=Social%20media\" target=\"_blank\" rel=\"noreferrer nofollow noopener\">le maire \u00e9cologiste \u00c9ric Piolle<\/a> a demand\u00e9 jeudi \u00e0 la SGM de \u00ab suspendre \u00bb l\u2019arriv\u00e9e de Shein dans l\u2019attente de garanties sur le contr\u00f4le de la l\u00e9galit\u00e9 des produits. \u00ab \u00c0 Grenoble, nous refusons d\u2019accueillir une enseigne qui foule aux pieds les valeurs de dignit\u00e9, d\u2019\u00e9thique et de durabilit\u00e9 \u00bb, a ajout\u00e9 \u00c9ric Piolle dans un message sur les r\u00e9seaux sociaux.<\/p>\n<blockquote class=\"twitter-tweet\">\n<p lang=\"fr\" dir=\"ltr\">\ud83d\uded1 NON \u00e0 Shein \u00e0 Grenoble<\/p>\n<p>Apr\u00e8s avoir refus\u00e9 de rencontrer le PDG de Shein, Donald Tang, j\u2019ai \u00e9crit au pr\u00e9sident du groupe SGM, Fr\u00e9d\u00e9ric Merlin, pour lui demander de suspendre l\u2019installation de Shein \u00e0 Grenoble.<\/p>\n<p>Cette marque incarne les pires d\u00e9rives de l\u2019ultra fast-fashion :\u2026 <a href=\"https:\/\/t.co\/ARmPbzTKkG\" rel=\"nofollow\">pic.twitter.com\/ARmPbzTKkG<\/a><\/p>\n<p>\u2014 \u00c9ric Piolle (@EricPiolle) <a href=\"https:\/\/twitter.com\/EricPiolle\/status\/1986469315109888071?ref_src=twsrc%5Etfw\" rel=\"nofollow noopener\" target=\"_blank\">November 6, 2025<\/a><\/p><\/blockquote>\n<p class=\"paragraph text_align_left lp-f-body-02\">Propri\u00e9taire du fonds de commerce du BHV depuis 2023, la SGM exploite sept grands magasins qui \u00e9taient jusqu\u2019ici des Galeries Lafayette (\u00e9galement au Mans et \u00e0 Orl\u00e9ans) et une dizaine de centres commerciaux.<\/p>\n<p><script async src=\"https:\/\/platform.twitter.com\/widgets.js\" charset=\"utf-8\"><\/script><\/p>\n","protected":false},"excerpt":{"rendered":"Apr\u00e8s Paris, Shein va s\u2019installer le 18 novembre \u00e0 Dijon et Reims et le 21 novembre \u00e0 Grenoble,&hellip;\n","protected":false},"author":2,"featured_media":519740,"comment_status":"","ping_status":"","sticky":false,"template":"","format":"standard","meta":{"footnotes":""},"categories":[9566],"tags":[1111,11,2430,130,33,1777,674,1011,27,2731,12,25],"class_list":{"0":"post-519739","1":"post","2":"type-post","3":"status-publish","4":"format-standard","5":"has-post-thumbnail","7":"category-grenoble","8":"tag-actu","9":"tag-actualites","10":"tag-auvergne-rhone-alpes","11":"tag-consommation","12":"tag-economie","13":"tag-eu","14":"tag-europe","15":"tag-fr","16":"tag-france","17":"tag-grenoble","18":"tag-news","19":"tag-republique-francaise"},"share_on_mastodon":{"url":"https:\/\/pubeurope.com\/@fr\/115512142879296184","error":""},"_links":{"self":[{"href":"https:\/\/www.europesays.com\/fr\/wp-json\/wp\/v2\/posts\/519739","targetHints":{"allow":["GET"]}}],"collection":[{"href":"https:\/\/www.europesays.com\/fr\/wp-json\/wp\/v2\/posts"}],"about":[{"href":"https:\/\/www.europesays.com\/fr\/wp-json\/wp\/v2\/types\/post"}],"author":[{"embeddable":true,"href":"https:\/\/www.europesays.com\/fr\/wp-json\/wp\/v2\/users\/2"}],"replies":[{"embeddable":true,"href":"https:\/\/www.europesays.com\/fr\/wp-json\/wp\/v2\/comments?post=519739"}],"version-history":[{"count":0,"href":"https:\/\/www.europesays.com\/fr\/wp-json\/wp\/v2\/posts\/519739\/revisions"}],"wp:featuredmedia":[{"embeddable":true,"href":"https:\/\/www.europesays.com\/fr\/wp-json\/wp\/v2\/media\/519740"}],"wp:attachment":[{"href":"https:\/\/www.europesays.com\/fr\/wp-json\/wp\/v2\/media?parent=519739"}],"wp:term":[{"taxonomy":"category","embeddable":true,"href":"https:\/\/www.europesays.com\/fr\/wp-json\/wp\/v2\/categories?post=519739"},{"taxonomy":"post_tag","embeddable":true,"href":"https:\/\/www.europesays.com\/fr\/wp-json\/wp\/v2\/tags?post=519739"}],"curies":[{"name":"wp","href":"https:\/\/api.w.org\/{rel}","templated":true}]}}