{"id":519741,"date":"2025-11-08T04:19:24","date_gmt":"2025-11-08T04:19:24","guid":{"rendered":"https:\/\/www.europesays.com\/fr\/519741\/"},"modified":"2025-11-08T04:19:24","modified_gmt":"2025-11-08T04:19:24","slug":"rennes-des-curieux-viennent-voir-les-travaux-du-parking-de-la-vilaine-2","status":"publish","type":"post","link":"https:\/\/www.europesays.com\/fr\/519741\/","title":{"rendered":"Rennes. Des curieux viennent voir les travaux du parking de la Vilaine"},"content":{"rendered":"<p><img decoding=\"async\" class=\"\" style=\"width:100%\" src=\"https:\/\/www.europesays.com\/fr\/wp-content\/uploads\/2025\/11\/Destruction_parking_Vilaine_21762510685895.jpeg\" alt=\"La destruction de la dalle de b\u00e9ton du parking Vilaine se poursuit\"\/><\/p>\n<p>Cr\u00e9dit : No\u00eblline Garon<\/p>\n<p>Si vous \u00eates pass\u00e9 \u00e0 c\u00f4t\u00e9 du parking Vilaine \u00e0 Rennes, vous avez forc\u00e9ment vu cette grue. La phase la plus impressionnante de <a href=\"https:\/\/hitwest.ouest-france.fr\/rennes-un-mega-chantier-demarre-sur-les-bords-de-la-vilaine\" rel=\"noopener\" target=\"_blank\">ce chantier de d\u00e9molition<\/a> a d\u00e9marr\u00e9 cette semaine, avec le sciage de la dalle de b\u00e9ton, avant qu\u2019une pelle de d\u00e9construction soit install\u00e9 au niveau de l\u2019eau ces prochains jours pour grignoter le parking.<\/p>\n<p>\u00a0<\/p>\n<p><img loading=\"lazy\" decoding=\"async\" style=\"display: block; margin-left: auto; margin-right: auto;\" src=\"https:\/\/www.europesays.com\/fr\/wp-content\/uploads\/2025\/11\/FfDzdUdZzV.jpeg\" alt=\"\" width=\"600\" height=\"450\"\/><\/p>\n<p>\u00a0<\/p>\n<blockquote>\n<p><strong>Quelques curieux prennent le temps de s\u2019arr\u00eater pr\u00e8s des grilles<\/strong><\/p>\n<\/blockquote>\n<p>Ce chantier ne passe pas inaper\u00e7u dans le centre-ville. Des passants s&rsquo;arr\u00eatent pour regarder de plus pr\u00e8s, comme Claude \u00ab\u00a0venu voir comment \u00e7a se passe et c&rsquo;est impressionnant, dit-il. Impressionnant parce que ce sont des gros travaux et il y a du savoir-faire. Il y a une immense grue qui fait plusieurs m\u00e8tres de haut. Je pense que je prendrais le temps de revenir voir l&rsquo;avanc\u00e9e du chantier\u00a0\u00bb.<\/p>\n<p>A v\u00e9lo, Nicole, curieuse \u00e9galement, pose un pied \u00e0 terre : \u00ab\u00a0On ne voit pas trop ce qu&rsquo;elle fait exactement cette grue, elle est \u00e0 l&rsquo;arr\u00eat. Ce serait int\u00e9ressant de voir comment \u00e7a fonctionne.<strong> Le fait d&rsquo;arracher tous ces blocs de b\u00e9ton&#8230; on va retrouver la Vilaine<\/strong>\u00ab\u00a0.<\/p>\n<p>Christian a du mal aussi \u00e0 comprendre : \u00ab\u00a0Pour l&rsquo;instant, je vois un engin \u00e9norme avec une fl\u00e8che qui monte \u00e0 15 m\u00e8tres, alors que tout est en horizontal, donc je ne vois pas l&rsquo;utilit\u00e9 de monter \u00e0 15 m\u00e8tres. Enfin, c&rsquo;est peut-\u00eatre pour aller plus loin aussi, je suppose\u00a0\u00bb.<\/p>\n<p>Apr\u00e8s la d\u00e9molition, les gravats de la dalle de b\u00e9ton tombent sur des barges en-dessous, avant d&rsquo;\u00eatre transport\u00e9s par bateaux vers la zone d\u2019activit\u00e9 ouest. Ce chantier doit se poursuivre jusqu\u2019en avril 2026.<\/p>\n","protected":false},"excerpt":{"rendered":"Cr\u00e9dit : No\u00eblline Garon Si vous \u00eates pass\u00e9 \u00e0 c\u00f4t\u00e9 du parking Vilaine \u00e0 Rennes, vous avez forc\u00e9ment&hellip;\n","protected":false},"author":2,"featured_media":518443,"comment_status":"","ping_status":"","sticky":false,"template":"","format":"standard","meta":{"footnotes":""},"categories":[2821],"tags":[1111,11,829,4107,63881,63883,63882,63889,63885,63884,1777,674,1011,27,848,12,63879,63880,584,25,2086,63886,63887,63888],"class_list":{"0":"post-519741","1":"post","2":"type-post","3":"status-publish","4":"format-standard","5":"has-post-thumbnail","7":"category-rennes","8":"tag-actu","9":"tag-actualites","10":"tag-bretagne","11":"tag-chantier","12":"tag-chantier-parking-vilaine","13":"tag-deconstruction-parking-vilaine","14":"tag-demolition-parking-vilaine","15":"tag-des-curieux-viennent-voir-les-travaux-du-parking-de-la-vilaine","16":"tag-destruction-parking-vilaine","17":"tag-entreprise-charier","18":"tag-eu","19":"tag-europe","20":"tag-fr","21":"tag-france","22":"tag-ille-et-vilaine","23":"tag-news","24":"tag-parking-vilaine","25":"tag-parking-vilaine-rennes","26":"tag-rennes","27":"tag-republique-francaise","28":"tag-travaux","29":"tag-travaux-parking","30":"tag-travaux-parking-rennes","31":"tag-travaux-rennes"},"share_on_mastodon":{"url":"https:\/\/pubeurope.com\/@fr\/115512159815829974","error":""},"_links":{"self":[{"href":"https:\/\/www.europesays.com\/fr\/wp-json\/wp\/v2\/posts\/519741","targetHints":{"allow":["GET"]}}],"collection":[{"href":"https:\/\/www.europesays.com\/fr\/wp-json\/wp\/v2\/posts"}],"about":[{"href":"https:\/\/www.europesays.com\/fr\/wp-json\/wp\/v2\/types\/post"}],"author":[{"embeddable":true,"href":"https:\/\/www.europesays.com\/fr\/wp-json\/wp\/v2\/users\/2"}],"replies":[{"embeddable":true,"href":"https:\/\/www.europesays.com\/fr\/wp-json\/wp\/v2\/comments?post=519741"}],"version-history":[{"count":0,"href":"https:\/\/www.europesays.com\/fr\/wp-json\/wp\/v2\/posts\/519741\/revisions"}],"wp:featuredmedia":[{"embeddable":true,"href":"https:\/\/www.europesays.com\/fr\/wp-json\/wp\/v2\/media\/518443"}],"wp:attachment":[{"href":"https:\/\/www.europesays.com\/fr\/wp-json\/wp\/v2\/media?parent=519741"}],"wp:term":[{"taxonomy":"category","embeddable":true,"href":"https:\/\/www.europesays.com\/fr\/wp-json\/wp\/v2\/categories?post=519741"},{"taxonomy":"post_tag","embeddable":true,"href":"https:\/\/www.europesays.com\/fr\/wp-json\/wp\/v2\/tags?post=519741"}],"curies":[{"name":"wp","href":"https:\/\/api.w.org\/{rel}","templated":true}]}}