{"id":519744,"date":"2025-11-08T04:22:14","date_gmt":"2025-11-08T04:22:14","guid":{"rendered":"https:\/\/www.europesays.com\/fr\/519744\/"},"modified":"2025-11-08T04:22:14","modified_gmt":"2025-11-08T04:22:14","slug":"municipales-2026-a-strasbourg-catherine-trautmann-designee-candidate-par-les-militants-socialistes","status":"publish","type":"post","link":"https:\/\/www.europesays.com\/fr\/519744\/","title":{"rendered":"Municipales 2026. A Strasbourg, Catherine Trautmann d\u00e9sign\u00e9e candidate par les militants socialistes"},"content":{"rendered":"<p>Les militants socialistes \u00e9taient appel\u00e9s \u00e0 d\u00e9signer jeudi 6 novembre leur t\u00eate de liste aux \u00e9lections municipales de mars 2026. Sans surprise, c\u2019est <a href=\"https:\/\/www.dna.fr\/p\/catherine-trautmann\" target=\"_blank\" rel=\"nofollow noopener\">Catherine Trautmann<\/a>, unique candidate de ce scrutin, qui a remport\u00e9 les suffrages (moins trois abstentions). Le nombre de votants n\u2019a pas \u00e9t\u00e9 communiqu\u00e9 par la direction d\u00e9partementale du parti. <a href=\"https:\/\/www.dna.fr\/elections\/2025\/10\/10\/on-me-demande-de-rempiler-catherine-trautmann-se-lance-dans-la-course-pour-strasbourg\" target=\"_blank\" rel=\"nofollow noopener\"> L\u2019ancienne maire avait indiqu\u00e9 d\u00e9but octobre<\/a> \u00eatre candidate au scrutin quelle que soit l\u2019issue de cette proc\u00e9dure interne.<\/p>\n<p>Une derni\u00e8re \u00e9tape doit d\u00e9finitivement sceller sa candidature\u00a0: son investiture par les instances nationales du PS, une proc\u00e9dure r\u00e9serv\u00e9e aux communes de plus de 20\u00a0000 habitants.<\/p>\n","protected":false},"excerpt":{"rendered":"Les militants socialistes \u00e9taient appel\u00e9s \u00e0 d\u00e9signer jeudi 6 novembre leur t\u00eate de liste aux \u00e9lections municipales de&hellip;\n","protected":false},"author":2,"featured_media":519745,"comment_status":"","ping_status":"","sticky":false,"template":"","format":"standard","meta":{"footnotes":""},"categories":[2820],"tags":[1111,11,2880,5949,4188,1777,674,107,1011,27,329,775,12,3541,316,25,640,2879],"class_list":{"0":"post-519744","1":"post","2":"type-post","3":"status-publish","4":"format-standard","5":"has-post-thumbnail","7":"category-strasbourg","8":"tag-actu","9":"tag-actualites","10":"tag-edition-strasbourg","11":"tag-elections","12":"tag-elections-municipales","13":"tag-eu","14":"tag-europe","15":"tag-fil-info","16":"tag-fr","17":"tag-france","18":"tag-france-monde","19":"tag-grand-est","20":"tag-news","21":"tag-parti-socialiste","22":"tag-politique","23":"tag-republique-francaise","24":"tag-strasbourg","25":"tag-strasbourg-ville"},"share_on_mastodon":{"url":"https:\/\/pubeurope.com\/@fr\/115512170538868200","error":""},"_links":{"self":[{"href":"https:\/\/www.europesays.com\/fr\/wp-json\/wp\/v2\/posts\/519744","targetHints":{"allow":["GET"]}}],"collection":[{"href":"https:\/\/www.europesays.com\/fr\/wp-json\/wp\/v2\/posts"}],"about":[{"href":"https:\/\/www.europesays.com\/fr\/wp-json\/wp\/v2\/types\/post"}],"author":[{"embeddable":true,"href":"https:\/\/www.europesays.com\/fr\/wp-json\/wp\/v2\/users\/2"}],"replies":[{"embeddable":true,"href":"https:\/\/www.europesays.com\/fr\/wp-json\/wp\/v2\/comments?post=519744"}],"version-history":[{"count":0,"href":"https:\/\/www.europesays.com\/fr\/wp-json\/wp\/v2\/posts\/519744\/revisions"}],"wp:featuredmedia":[{"embeddable":true,"href":"https:\/\/www.europesays.com\/fr\/wp-json\/wp\/v2\/media\/519745"}],"wp:attachment":[{"href":"https:\/\/www.europesays.com\/fr\/wp-json\/wp\/v2\/media?parent=519744"}],"wp:term":[{"taxonomy":"category","embeddable":true,"href":"https:\/\/www.europesays.com\/fr\/wp-json\/wp\/v2\/categories?post=519744"},{"taxonomy":"post_tag","embeddable":true,"href":"https:\/\/www.europesays.com\/fr\/wp-json\/wp\/v2\/tags?post=519744"}],"curies":[{"name":"wp","href":"https:\/\/api.w.org\/{rel}","templated":true}]}}