{"id":519752,"date":"2025-11-08T04:26:14","date_gmt":"2025-11-08T04:26:14","guid":{"rendered":"https:\/\/www.europesays.com\/fr\/519752\/"},"modified":"2025-11-08T04:26:14","modified_gmt":"2025-11-08T04:26:14","slug":"neuf-appartements-evacues-dans-un-incendie-au-nord-de-nantes-2","status":"publish","type":"post","link":"https:\/\/www.europesays.com\/fr\/519752\/","title":{"rendered":"Neuf appartements \u00e9vacu\u00e9s dans un incendie au nord de Nantes"},"content":{"rendered":"<p>Les sapeurs-pompiers interviennent depuis 19\u00a0h\u00a026 \u00e0 Nozay, pour \u00a0un feu de pavillon en bande\u00a0, indique le centre op\u00e9rationnel d\u00e9partemental d\u2019incendie et de secours (Codis 44). Selon les secours, l\u2019incendie s\u2019est d\u00e9clar\u00e9 au 14, impasse de la Maquetterie, vendredi 7\u00a0novembre 2025. \u00a0Neuf appartements ont \u00e9t\u00e9 \u00e9vacu\u00e9s et trois personnes prises en charge\u00a0, font savoir les pompiers.<\/p>\n<p>Cinq lances \u00e0 incendie<\/p>\n<p>Cinq lances \u00e0 incendie sont d\u00e9ploy\u00e9es, \u00a0dont une sur une \u00e9chelle a\u00e9rienne\u00a0, ce qui a permis d\u2019\u00e9vacuer le risque de propagation \u00e0 d\u2019autres habitations. Vingt-trois pompiers sont sur place<\/p>\n<p>\u00a0<\/p>\n","protected":false},"excerpt":{"rendered":"Les sapeurs-pompiers interviennent depuis 19\u00a0h\u00a026 \u00e0 Nozay, pour \u00a0un feu de pavillon en bande\u00a0, indique le centre op\u00e9rationnel&hellip;\n","protected":false},"author":2,"featured_media":519529,"comment_status":"","ping_status":"","sticky":false,"template":"","format":"standard","meta":{"footnotes":""},"categories":[2818],"tags":[1111,11,40999,1777,674,17373,1011,27,1310,766,12,1308,2636,25,6689,9693],"class_list":{"0":"post-519752","1":"post","2":"type-post","3":"status-publish","4":"format-standard","5":"has-post-thumbnail","7":"category-nantes","8":"tag-actu","9":"tag-actualites","10":"tag-appartements","11":"tag-eu","12":"tag-europe","13":"tag-evacues","14":"tag-fr","15":"tag-france","16":"tag-incendie","17":"tag-nantes","18":"tag-news","19":"tag-nord","20":"tag-pays-de-la-loire","21":"tag-republique-francaise","22":"tag-roche","23":"tag-yon"},"share_on_mastodon":{"url":"https:\/\/pubeurope.com\/@fr\/115512186321940854","error":""},"_links":{"self":[{"href":"https:\/\/www.europesays.com\/fr\/wp-json\/wp\/v2\/posts\/519752","targetHints":{"allow":["GET"]}}],"collection":[{"href":"https:\/\/www.europesays.com\/fr\/wp-json\/wp\/v2\/posts"}],"about":[{"href":"https:\/\/www.europesays.com\/fr\/wp-json\/wp\/v2\/types\/post"}],"author":[{"embeddable":true,"href":"https:\/\/www.europesays.com\/fr\/wp-json\/wp\/v2\/users\/2"}],"replies":[{"embeddable":true,"href":"https:\/\/www.europesays.com\/fr\/wp-json\/wp\/v2\/comments?post=519752"}],"version-history":[{"count":0,"href":"https:\/\/www.europesays.com\/fr\/wp-json\/wp\/v2\/posts\/519752\/revisions"}],"wp:featuredmedia":[{"embeddable":true,"href":"https:\/\/www.europesays.com\/fr\/wp-json\/wp\/v2\/media\/519529"}],"wp:attachment":[{"href":"https:\/\/www.europesays.com\/fr\/wp-json\/wp\/v2\/media?parent=519752"}],"wp:term":[{"taxonomy":"category","embeddable":true,"href":"https:\/\/www.europesays.com\/fr\/wp-json\/wp\/v2\/categories?post=519752"},{"taxonomy":"post_tag","embeddable":true,"href":"https:\/\/www.europesays.com\/fr\/wp-json\/wp\/v2\/tags?post=519752"}],"curies":[{"name":"wp","href":"https:\/\/api.w.org\/{rel}","templated":true}]}}