{"id":519753,"date":"2025-11-08T04:27:34","date_gmt":"2025-11-08T04:27:34","guid":{"rendered":"https:\/\/www.europesays.com\/fr\/519753\/"},"modified":"2025-11-08T04:27:34","modified_gmt":"2025-11-08T04:27:34","slug":"pres-de-nantes-planete-sauvage-confirme-le-depart-de-ses-onze-dauphins-vers-beauval-une-opportunite","status":"publish","type":"post","link":"https:\/\/www.europesays.com\/fr\/519753\/","title":{"rendered":"Pr\u00e8s de Nantes, Plan\u00e8te sauvage confirme le d\u00e9part de ses onze dauphins vers Beauval, \u00ab une opportunit\u00e9 \u00bb"},"content":{"rendered":"<p class=\"mb-4 text-lg md:leading-8 break-words\"><strong>transfert &#8211; Le zoo de Beauval accueillera en 2027 les onze dauphins du delphinarium de Plan\u00e8te Sauvage. Le parc animalier de Loire-Atlantique estime qu\u2019il s\u2019agit de la meilleure solution pour ses c\u00e9tac\u00e9s<\/strong><\/p>\n<p class=\"mb-4 text-lg md:leading-8 break-words\">Une structure \u00ab durable \u00bb, \u00ab responsable \u00bb et \u00ab utile \u00bb, c\u2019est ce que pr\u00e9voit le <a href=\"https:\/\/www.20minutes.fr\/dossier\/beauval?at_medium=RSS%20feed&amp;at_campaign=ynews&amp;utm_source=yahoo&amp;utm_medium=rss&amp;utm_campaign=news_feed&amp;utm_content=in_article_link\" rel=\"nofollow noopener\" target=\"_blank\" data-ylk=\"slk:zoo de Beauval;elm:context_link;itc:0;sec:content-canvas\" class=\"link \">zoo de Beauval<\/a> (Loir-et-Cher) pour am\u00e9liorer la situation des animaux et notamment des c\u00e9tac\u00e9s de <a href=\"https:\/\/www.20minutes.fr\/societe\/4180652-20251021-marineland-vont-devenir-deux-orques-douze-dauphins-situation-urgence?at_medium=RSS%20feed&amp;at_campaign=ynews&amp;utm_source=yahoo&amp;utm_medium=rss&amp;utm_campaign=news_feed&amp;utm_content=in_article_link\" rel=\"nofollow noopener\" target=\"_blank\" data-ylk=\"slk:Marineland;elm:context_link;itc:0;sec:content-canvas\" class=\"link \">Marineland<\/a> (Alpes-Maritimes) et <a href=\"https:\/\/www.20minutes.fr\/planete\/4137876-20250209-apres-fermeture-marineland-planete-sauvage-viseur-defenseurs-animaux?at_medium=RSS%20feed&amp;at_campaign=ynews&amp;utm_source=yahoo&amp;utm_medium=rss&amp;utm_campaign=news_feed&amp;utm_content=in_article_link\" rel=\"nofollow noopener\" target=\"_blank\" data-ylk=\"slk:Plan\u00e8te Sauvage;elm:context_link;itc:0;sec:content-canvas\" class=\"link \">Plan\u00e8te Sauvage<\/a> (Loire-Atlantique) d\u2019ici mars 2027.<\/p>\n<p class=\"mb-4 text-lg md:leading-8 break-words\">Le parc animalier de Port-Saint-P\u00e8re, situ\u00e9 pr\u00e8s de Nantes, est le dernier site fran\u00e7ais \u00e0 pr\u00e9senter des dauphins au public. Dans le cadre de la loi de 2021 qui interdit, \u00e0 partir de d\u00e9cembre 2026, les spectacles de c\u00e9tac\u00e9s, son delphinarium, ouvert depuis seize ans, sera d\u00e9finitivement ferm\u00e9 et les <a href=\"https:\/\/www.20minutes.fr\/planete\/4184019-20251106-zoo-beauval-projet-dementiel-va-accueillir-dauphins-planete-sauvage-probablement-ceux-marineland?at_medium=RSS%20feed&amp;at_campaign=ynews&amp;utm_source=yahoo&amp;utm_medium=rss&amp;utm_campaign=news_feed&amp;utm_content=in_article_link\" rel=\"nofollow noopener\" target=\"_blank\" data-ylk=\"slk:onze dauphins transf\u00e9r\u00e9s dans le Loir-et-Cher;elm:context_link;itc:0;sec:content-canvas\" class=\"link \">onze dauphins transf\u00e9r\u00e9s dans le Loir-et-Cher<\/a>. Et ce malgr\u00e9 un programme de recherche scientifique qui pr\u00e9voyait initialement la conservation des mammif\u00e8res marins en Loire-Atlantique apr\u00e8s cette date.<\/p>\n<p>\u00ab La meilleure structure possible \u00bb<\/p>\n<p class=\"mb-4 text-lg md:leading-8 break-words\">\u00ab Pour nous, c\u2019est une opportunit\u00e9 que les dauphins rejoignent cette institution \u00bb, estime Cl\u00e9mentine Amar, responsable communication de Plan\u00e8te Sauvage. \u00ab Le transfert va permettre d\u2019offrir la meilleure structure possible aux esp\u00e8ces et de poursuivre les missions de recherche scientifiques lanc\u00e9es depuis 2008 au sein de Plan\u00e8te Sauvage \u00bb, consid\u00e8re-t-elle, \u00ab ce projet a une dimension que nous n\u2019aurions pas pu offrir aux dauphins \u00bb.<\/p>\n<p class=\"mb-4 text-lg md:leading-8 break-words\">Le projet valid\u00e9 par le programme d\u2019\u00e9change europ\u00e9en est d\u00e9crit comme la \u00ab solution pour \u00e9viter le pire des sc\u00e9narios pour ces douze dauphins \u00bb, selon la pr\u00e9sidente de l\u2019ONG Sea Shepherd Lamya Essemlali. Avec cette structure, \u00ab on maintient les animaux en Franc(&#8230;)<\/p>\n<p class=\"mb-4 text-lg md:leading-8 break-words\"><a href=\"https:\/\/www.20minutes.fr\/nantes\/4184182-20251107-pres-nantes-planete-sauvage-confirme-depart-onze-dauphins-vers-beauval-opportunite?at_medium=RSS%20feed&amp;at_campaign=ynews&amp;utm_source=yahoo&amp;utm_medium=rss&amp;utm_campaign=news_feed&amp;utm_content=read_more_link&quot;\" rel=\"nofollow noopener\" target=\"_blank\" data-ylk=\"slk:Lire la suite sur 20minutes;elm:context_link;itc:0;sec:content-canvas\" class=\"link \">Lire la suite sur 20minutes<\/a><\/p>\n<p>\u00c0 lire aussi :<br \/><a href=\"https:\/\/www.20minutes.fr\/planete\/4184019-20251106-zoo-beauval-projet-dementiel-va-accueillir-dauphins-planete-sauvage-probablement-ceux-marineland?at_medium=RSS%20feed&amp;at_campaign=ynews&amp;utm_source=yahoo&amp;utm_medium=rss&amp;utm_campaign=news_feed&amp;utm_content=related_content_link\" rel=\"nofollow noopener\" target=\"_blank\" data-ylk=\"slk:Zoo de Beauval : Un projet \u00ab d\u00e9mentiel \u00bb va accueillir les dauphins de Plan\u00e8te sauvage et probablement ceux de Marineland;elm:context_link;itc:0;sec:content-canvas\" class=\"link \">Zoo de Beauval : Un projet \u00ab d\u00e9mentiel \u00bb va accueillir les dauphins de Plan\u00e8te sauvage et probablement ceux de Marineland<\/a><br \/><a href=\"https:\/\/www.20minutes.fr\/societe\/4171576-20250906-si-douze-dauphins-bloques-marineland-partaient-zoo-beauval?at_medium=RSS%20feed&amp;at_campaign=ynews&amp;utm_source=yahoo&amp;utm_medium=rss&amp;utm_campaign=news_feed&amp;utm_content=related_content_link\" rel=\"nofollow noopener\" target=\"_blank\" data-ylk=\"slk:Et si les douze dauphins bloqu\u00e9s au Marineland partaient au zoo de Beauval ?;elm:context_link;itc:0;sec:content-canvas\" class=\"link \">Et si les douze dauphins bloqu\u00e9s au Marineland partaient au zoo de Beauval ?<\/a><\/p>\n","protected":false},"excerpt":{"rendered":"transfert &#8211; Le zoo de Beauval accueillera en 2027 les onze dauphins du delphinarium de Plan\u00e8te Sauvage. Le&hellip;\n","protected":false},"author":2,"featured_media":519754,"comment_status":"","ping_status":"","sticky":false,"template":"","format":"standard","meta":{"footnotes":""},"categories":[2818],"tags":[1111,11,64068,1777,674,1011,27,64067,3047,6028,766,12,2636,64066,25,34448],"class_list":{"0":"post-519753","1":"post","2":"type-post","3":"status-publish","4":"format-standard","5":"has-post-thumbnail","7":"category-nantes","8":"tag-actu","9":"tag-actualites","10":"tag-dauphins","11":"tag-eu","12":"tag-europe","13":"tag-fr","14":"tag-france","15":"tag-le-loir-et-cher","16":"tag-loire-atlantique","17":"tag-marineland","18":"tag-nantes","19":"tag-news","20":"tag-pays-de-la-loire","21":"tag-planete-sauvage","22":"tag-republique-francaise","23":"tag-zoo-de-beauval"},"share_on_mastodon":{"url":"https:\/\/pubeurope.com\/@fr\/115512190190059667","error":""},"_links":{"self":[{"href":"https:\/\/www.europesays.com\/fr\/wp-json\/wp\/v2\/posts\/519753","targetHints":{"allow":["GET"]}}],"collection":[{"href":"https:\/\/www.europesays.com\/fr\/wp-json\/wp\/v2\/posts"}],"about":[{"href":"https:\/\/www.europesays.com\/fr\/wp-json\/wp\/v2\/types\/post"}],"author":[{"embeddable":true,"href":"https:\/\/www.europesays.com\/fr\/wp-json\/wp\/v2\/users\/2"}],"replies":[{"embeddable":true,"href":"https:\/\/www.europesays.com\/fr\/wp-json\/wp\/v2\/comments?post=519753"}],"version-history":[{"count":0,"href":"https:\/\/www.europesays.com\/fr\/wp-json\/wp\/v2\/posts\/519753\/revisions"}],"wp:featuredmedia":[{"embeddable":true,"href":"https:\/\/www.europesays.com\/fr\/wp-json\/wp\/v2\/media\/519754"}],"wp:attachment":[{"href":"https:\/\/www.europesays.com\/fr\/wp-json\/wp\/v2\/media?parent=519753"}],"wp:term":[{"taxonomy":"category","embeddable":true,"href":"https:\/\/www.europesays.com\/fr\/wp-json\/wp\/v2\/categories?post=519753"},{"taxonomy":"post_tag","embeddable":true,"href":"https:\/\/www.europesays.com\/fr\/wp-json\/wp\/v2\/tags?post=519753"}],"curies":[{"name":"wp","href":"https:\/\/api.w.org\/{rel}","templated":true}]}}