{"id":519765,"date":"2025-11-08T04:33:23","date_gmt":"2025-11-08T04:33:23","guid":{"rendered":"https:\/\/www.europesays.com\/fr\/519765\/"},"modified":"2025-11-08T04:33:23","modified_gmt":"2025-11-08T04:33:23","slug":"lol-recevra-lille-le-dimanche-1er-fevrier-a-15h","status":"publish","type":"post","link":"https:\/\/www.europesays.com\/fr\/519765\/","title":{"rendered":"l\u2019OL recevra Lille le dimanche 1er f\u00e9vrier \u00e0 15h"},"content":{"rendered":"<p>                            <img width=\"770\" height=\"433\" src=\"https:\/\/www.europesays.com\/fr\/wp-content\/uploads\/2025\/11\/AFP__20250928__772L29E__v1__HighRes__FblFraLigue1LilleLyon-770x433.jpg\" class=\"attachment-article size-article wp-post-image\" alt=\"Clinton Mata lors de Lille - OL\" decoding=\"async\" fetchpriority=\"high\"  \/><\/p>\n<p>Clinton Mata lors de Lille \u2013 OL (Photo by Sameer Al-DOUMY \/ AFP)<\/p>\n<p>Dans le cadre de la 20e journ\u00e9e de Ligue 1, l\u2019OL s\u2019offrira un choc avec la r\u00e9ception de Lille. Cette affiche se jouera le dimanche 1er f\u00e9vrier mais pas en prime time. Le coup d\u2019envoi sera donn\u00e9 \u00e0 15h.<\/p>\n<p>Quel sera le visage de l\u2019<strong>OL<\/strong>\u00a0le 1er f\u00e9vrier prochain ? C\u2019est la question que tout le monde se pose alors que le mercato hivernal viendra de refermer ses portes. La d\u00e9faite contre le\u00a0<strong>Real Betis<\/strong>\u00a0<a href=\"https:\/\/www.olympique-et-lyonnais.com\/lol-sincline-sans-combattre-contre-le-real-betis-2-0,384259.html\" target=\"_blank\" rel=\"noopener\">(2-0)<\/a>\u00a0jeudi soir a montr\u00e9 les limites lyonnaises, notamment sur l\u2019aspect offensif. La p\u00e9riode du march\u00e9 des transferts devrait donc servir \u00e0 renforcer ce secteur, surtout avec la\u00a0<a href=\"https:\/\/www.olympique-et-lyonnais.com\/ol-mercato-paulo-fonseca-a-echange-avec-endrick,384003.html\" target=\"_blank\" rel=\"noopener\">rumeur<\/a>\u00a0<strong>Endrick<\/strong>\u00a0qui enfle chaque jour un peu plus. Le Br\u00e9silien sera-t-il sur la pelouse pour la 20e journ\u00e9e de Ligue 1? Il est encore trop t\u00f4t pour y r\u00e9pondre, mais les supporters lyonnais esp\u00e8rent voir un visage de l\u2019OL diff\u00e9rent de celui de la phase aller contre\u00a0<strong>Lille<\/strong>.<\/p>\n<p>Une belle affluence \u00e0 pr\u00e9voir ?<\/p>\n<p>Pour le premier rendez-vous de f\u00e9vrier, les joueurs de Paulo\u00a0<strong><a href=\"https:\/\/www.olympique-et-lyonnais.com\/fonseca-apres-real-betis-ol-2-0-une-difference-de-qualite-individuelle,384285.html\" target=\"_blank\" rel=\"noopener\">Fonseca<\/a><\/strong>\u00a0recevront en effet le\u00a0<strong>LOSC<\/strong>\u00a0pour un choc du championnat. Seulement, comme pour le match aller \u00e0 Pierre Mauroy, cet\u00a0<strong>OL &#8211; Lille<\/strong>\u00a0n\u2019aura pas les faveurs du prime time du dimanche soir. S\u2019il se disputera bien le dimanche 1er f\u00e9vrier, le coup d\u2019envoi aura lieu \u00e0 15h avec une diffusion sur\u00a0Ligue 1+.<\/p>\n<p>\t\t\t\t\t<a href=\"https:\/\/www.olympique-et-lyonnais.com\/lol-lyonnes-fait-le-metier-a-montpellier,384317.html\" title=\"L\u2019OL Lyonnes fait le m\u00e9tier \u00e0 Montpellier\" target=\"_blank\" rel=\"noopener\"><img loading=\"lazy\" width=\"580\" height=\"326\" src=\"https:\/\/www.europesays.com\/fr\/wp-content\/uploads\/2025\/11\/ol_lyonnes_v_skn_st.polten_-_uefa_women_s_champions_league_2025_26_league_phase_md2-3-580x326.jpeg\" class=\"attachment-actularge size-actularge wp-post-image\" alt=\"La joie des joueuses de l'OL Lyonnes contre St P\u00f6lten\" decoding=\"async\"  \/>\t\t\t\t\t<\/a><\/p>\n","protected":false},"excerpt":{"rendered":"Clinton Mata lors de Lille \u2013 OL (Photo by Sameer Al-DOUMY \/ AFP) Dans le cadre de la&hellip;\n","protected":false},"author":2,"featured_media":519766,"comment_status":"","ping_status":"","sticky":false,"template":"","format":"standard","meta":{"footnotes":""},"categories":[2815],"tags":[1111,11,1777,674,1011,27,811,66,1307,12,241,978,25],"class_list":{"0":"post-519765","1":"post","2":"type-post","3":"status-publish","4":"format-standard","5":"has-post-thumbnail","7":"category-lille","8":"tag-actu","9":"tag-actualites","10":"tag-eu","11":"tag-europe","12":"tag-fr","13":"tag-france","14":"tag-hauts-de-france","15":"tag-ligue-1","16":"tag-lille","17":"tag-news","18":"tag-ol","19":"tag-olympique-lyonnais","20":"tag-republique-francaise"},"share_on_mastodon":{"url":"https:\/\/pubeurope.com\/@fr\/115512214485693606","error":""},"_links":{"self":[{"href":"https:\/\/www.europesays.com\/fr\/wp-json\/wp\/v2\/posts\/519765","targetHints":{"allow":["GET"]}}],"collection":[{"href":"https:\/\/www.europesays.com\/fr\/wp-json\/wp\/v2\/posts"}],"about":[{"href":"https:\/\/www.europesays.com\/fr\/wp-json\/wp\/v2\/types\/post"}],"author":[{"embeddable":true,"href":"https:\/\/www.europesays.com\/fr\/wp-json\/wp\/v2\/users\/2"}],"replies":[{"embeddable":true,"href":"https:\/\/www.europesays.com\/fr\/wp-json\/wp\/v2\/comments?post=519765"}],"version-history":[{"count":0,"href":"https:\/\/www.europesays.com\/fr\/wp-json\/wp\/v2\/posts\/519765\/revisions"}],"wp:featuredmedia":[{"embeddable":true,"href":"https:\/\/www.europesays.com\/fr\/wp-json\/wp\/v2\/media\/519766"}],"wp:attachment":[{"href":"https:\/\/www.europesays.com\/fr\/wp-json\/wp\/v2\/media?parent=519765"}],"wp:term":[{"taxonomy":"category","embeddable":true,"href":"https:\/\/www.europesays.com\/fr\/wp-json\/wp\/v2\/categories?post=519765"},{"taxonomy":"post_tag","embeddable":true,"href":"https:\/\/www.europesays.com\/fr\/wp-json\/wp\/v2\/tags?post=519765"}],"curies":[{"name":"wp","href":"https:\/\/api.w.org\/{rel}","templated":true}]}}