{"id":519767,"date":"2025-11-08T04:34:18","date_gmt":"2025-11-08T04:34:18","guid":{"rendered":"https:\/\/www.europesays.com\/fr\/519767\/"},"modified":"2025-11-08T04:34:18","modified_gmt":"2025-11-08T04:34:18","slug":"65-rue-daubagne-un-uppercut-au-theatre-7-ans-apres-le-drame-ayant-cause-la-mort-de-8-personnes-a-marseille","status":"publish","type":"post","link":"https:\/\/www.europesays.com\/fr\/519767\/","title":{"rendered":"\u00ab\u00a065 rue d&rsquo;Aubagne\u00a0\u00bb, un uppercut au th\u00e9\u00e2tre, 7 ans apr\u00e8s le drame ayant caus\u00e9 la mort de 8 personnes \u00e0 Marseille"},"content":{"rendered":"<p>Comment parler au th\u00e9\u00e2tre du 65 rue d\u2019Aubagne, cet immeuble v\u00e9tuste du centre-ville de Marseille dont <a href=\"https:\/\/www.laprovence.com\/article\/region\/35336420851661\/drame-de-la-rue-daubagne-benoit-payan-il-est-temps-que-ceux-qui-etaient-en-responsabilite-sexcusent\" target=\"_blank\" rel=\"noopener\">l\u2019effondrement causa la mort de huit de ses habitants le 5\u00a0novembre\u00a02018, <\/a>sans sombrer dans le pathos, ni se perdre dans l\u2019immensit\u00e9 et la gravit\u00e9 du sujet\u00a0? <a href=\"https:\/\/www.laprovence.com\/article\/culture-loisirs\/16616195560252\/65-rue-daubagne-le-drame-de-leffondrement-de-deux-immeubles-marseillais-inspire-le-theatre\" target=\"_blank\" rel=\"noopener\">L\u2019autrice et metteuse en sc\u00e8ne Mathilde Aurier,<\/a> 29\u00a0ans, et la Jeune troupe de <a href=\"https:\/\/www.laprovence.com\/article\/culture-loisirs\/2905839939318514\/drame-de-la-rue-d-aubagne-grands-classiques-et-concerts-la-criee-a-marseille-devoile-sa-saison-2025-2026\" target=\"_blank\" rel=\"noopener\">La Cri\u00e9e<\/a> m\u00ealent la petite et la grande Histoire en donnant corps au personnage de Nina (*), une survivante du 65 magnifiquement interpr\u00e9t\u00e9e par Camille Dordoigne.<\/p>\n<p><img alt=\"Nina, survivante de l'effondrement des immeubles, est formidablement incarn\u00e9e par Camille Dordoigne. Un appel \u00e0 la prise de conscience sur le mal-logement.\" loading=\"lazy\" decoding=\"async\" data-nimg=\"fill\" class=\" TwicCore_img__i9TC1 undefined  undefined\" style=\"position:absolute;height:100%;width:100%;left:0;top:0;right:0;bottom:0;color:transparent;background-size:cover;background-position:50% 50%;background-repeat:no-repeat;background-image:url(&quot;data:image\/svg+xml;charset=utf-8,%3Csvg xmlns='http:\/\/www.w3.org\/2000\/svg' %3E%3Cfilter id='b' color-interpolation-filters='sRGB'%3E%3CfeGaussianBlur stdDeviation='20'\/%3E%3CfeColorMatrix values='1 0 0 0 0 0 1 0 0 0 0 0 1 0 0 0 0 0 100 -1' result='s'\/%3E%3CfeFlood x='0' y='0' width='100%25' height='100%25'\/%3E%3CfeComposite operator='out' in='s'\/%3E%3CfeComposite in2='SourceGraphic'\/%3E%3CfeGaussianBlur stdDeviation='20'\/%3E%3C\/filter%3E%3Cimage width='100%25' height='100%25' x='0' y='0' preserveAspectRatio='none' style='filter: url(%23b);' href='https:\/\/pictures.laprovence.com\/cdn-cgi\/image\/blur=250\/media\/melody\/2025\/11\/07\/nina-survivante-de-l-effondrement-des-immeubles-est-formidablement-incarnee-par-camille-dordoigne-un-1762532546_7c3f735ffd096704f735ffd09444f7v_.jpg'\/%3E%3C\/svg%3E&quot;)\"   src=\"https:\/\/www.europesays.com\/fr\/wp-content\/uploads\/2025\/11\/nina-survivante-de-l-effondrement-des-immeubles-est-formidablement-incarnee-par-camille-dordoigne-un.jpeg\"\/>Nina, survivante de l&rsquo;effondrement des immeubles, est formidablement incarn\u00e9e par Camille Dordoigne. Un appel \u00e0 la prise de conscience sur le mal-logement. Photo Cl\u00e9ment Vial<\/p>\n<p>Au lendemain du 7e anniversaire du drame et non loin des lieux o\u00f9 il est advenu, la premi\u00e8re de la pi\u00e8ce jeudi 6 novembre au th\u00e9\u00e2tre de l\u2019\u0152uvre nous a laiss\u00e9s K.-O. debout.<\/p>\n<p>L\u2019homme crocodile, symbole des profiteurs du mal-logement<br \/>\n<img alt=\"Dans &quot;65 rue d'Aubagne&quot;, le crocodile repr\u00e9sente les profiteurs du mal-logement.\" loading=\"lazy\" decoding=\"async\" data-nimg=\"fill\" class=\" TwicCore_img__i9TC1 undefined  undefined\" style=\"position:absolute;height:100%;width:100%;left:0;top:0;right:0;bottom:0;color:transparent;background-size:cover;background-position:50% 50%;background-repeat:no-repeat;background-image:url(&quot;data:image\/svg+xml;charset=utf-8,%3Csvg xmlns='http:\/\/www.w3.org\/2000\/svg' %3E%3Cfilter id='b' color-interpolation-filters='sRGB'%3E%3CfeGaussianBlur stdDeviation='20'\/%3E%3CfeColorMatrix values='1 0 0 0 0 0 1 0 0 0 0 0 1 0 0 0 0 0 100 -1' result='s'\/%3E%3CfeFlood x='0' y='0' width='100%25' height='100%25'\/%3E%3CfeComposite operator='out' in='s'\/%3E%3CfeComposite in2='SourceGraphic'\/%3E%3CfeGaussianBlur stdDeviation='20'\/%3E%3C\/filter%3E%3Cimage width='100%25' height='100%25' x='0' y='0' preserveAspectRatio='none' style='filter: url(%23b);' href='https:\/\/pictures.laprovence.com\/cdn-cgi\/image\/blur=250\/media\/melody\/2025\/11\/07\/dans-65-rue-d-aubagne-le-crocodile-represente-les-profiteurs-du-mal-logement-1762532547_41cd27eefd09685cd27eefd0968cd2v_.jpg'\/%3E%3C\/svg%3E&quot;)\"   src=\"https:\/\/www.europesays.com\/fr\/wp-content\/uploads\/2025\/11\/dans-65-rue-d-aubagne-le-crocodile-represente-les-profiteurs-du-mal-logement-1762532547_41cd27eefd09.jpeg\"\/>Dans \u00ab\u00a065 rue d&rsquo;Aubagne\u00a0\u00bb, le crocodile repr\u00e9sente les profiteurs du mal-logement. Photo Cl\u00e9ment Vial<\/p>\n<p>Dans son meubl\u00e9 o\u00f9 elle est temporairement relog\u00e9e, Nina\/Camille raconte comment elle doit composer avec son traumatisme\u00a0: le fant\u00f4me de son amie Chiara morte dans l\u2019effondrement lui appara\u00eet d\u2019une sc\u00e8ne \u00e0 l\u2019autre. Chiara n\u2019a pas eu la chance de Nina qui, cette nuit-l\u00e0, \u00e9tait partie dormir chez des amis car sa douche ne fonctionnait plus. Le d\u00e9cor est sobre\u00a0: un lit et une maquette miniature de l\u2019immeuble du 65. Elle raconte son combat psychologique et juridique, non sans humour comme dans la sc\u00e8ne o\u00f9 elle contacte les services client d\u2019EDF et de sa Freebox pour r\u00e9silier ses abonnements et qu\u2019un op\u00e9rateur lui r\u00e9pond que la case \u00ab\u00a0effondrement\u00a0\u00bb n\u2019existe pas.<\/p>\n<p>Avec les moyens du th\u00e9\u00e2tre, Mathilde Aurier fait surgir des images fortes. Un personnage masqu\u00e9 \u00e0 la t\u00eate de crocodile repr\u00e9sente l\u2019ensemble des acteurs qui profitent et participent &#8211; \u00e0 des degr\u00e9s divers &#8211; au mal-logement\u00a0: propri\u00e9taires sans scrupule, syndics et experts v\u00e9reux, hommes politiques. L\u2019une des sc\u00e8nes rappelle ainsi que les habitants du 65 avaient \u00e9t\u00e9 \u00e9vacu\u00e9s trois semaines avant le drame et ont r\u00e9int\u00e9gr\u00e9 leur appartement apr\u00e8s le blanc-seing d\u2019un expert. Les archives sonores de l\u2019\u00e9v\u00e9nement et des marches de la col\u00e8re rappellent la mobilisation des Marseillais suite au drame.<\/p>\n<p>\u00ab\u00a0Le mal-logement, \u00e7a continue\u00a0!\u00a0\u00bb<br \/>\n<img alt=\"La Jeune troupe de La Cri\u00e9e, compos\u00e9e des com\u00e9diens apprentis issus de l'Ecole r\u00e9gionale d'acteurs de Marseille et de Cannes (Eracm), porte la pi\u00e8ce.\" loading=\"lazy\" decoding=\"async\" data-nimg=\"fill\" class=\" TwicCore_img__i9TC1 undefined  undefined\" style=\"position:absolute;height:100%;width:100%;left:0;top:0;right:0;bottom:0;color:transparent;background-size:cover;background-position:50% 50%;background-repeat:no-repeat;background-image:url(&quot;data:image\/svg+xml;charset=utf-8,%3Csvg xmlns='http:\/\/www.w3.org\/2000\/svg' %3E%3Cfilter id='b' color-interpolation-filters='sRGB'%3E%3CfeGaussianBlur stdDeviation='20'\/%3E%3CfeColorMatrix values='1 0 0 0 0 0 1 0 0 0 0 0 1 0 0 0 0 0 100 -1' result='s'\/%3E%3CfeFlood x='0' y='0' width='100%25' height='100%25'\/%3E%3CfeComposite operator='out' in='s'\/%3E%3CfeComposite in2='SourceGraphic'\/%3E%3CfeGaussianBlur stdDeviation='20'\/%3E%3C\/filter%3E%3Cimage width='100%25' height='100%25' x='0' y='0' preserveAspectRatio='none' style='filter: url(%23b);' href='https:\/\/pictures.laprovence.com\/cdn-cgi\/image\/blur=250\/media\/melody\/2025\/11\/07\/la-jeune-troupe-de-la-criee-composee-des-comediens-apprentis-issus-de-l-ecole-regionale-d-acteurs-de-1762532547_719367750e096759367750e0969936v_.jpg'\/%3E%3C\/svg%3E&quot;)\"   src=\"https:\/\/www.europesays.com\/fr\/wp-content\/uploads\/2025\/11\/la-jeune-troupe-de-la-criee-composee-des-comediens-apprentis-issus-de-l-ecole-regionale-d-acteurs-de.jpeg\"\/>La Jeune troupe de La Cri\u00e9e, compos\u00e9e des com\u00e9diens apprentis issus de l&rsquo;Ecole r\u00e9gionale d&rsquo;acteurs de Marseille et de Cannes (Eracm), porte la pi\u00e8ce. Photo Cl\u00e9ment Vial<\/p>\n<p>Autour de Nina gravite une galerie de personnages, son petit ami, le syndic v\u00e9reux de l\u2019immeuble, des politiques, une psychologue qui accompagne les victimes, un militant contre le mal-logement du <a href=\"https:\/\/www.laprovence.com\/article\/region\/23156526447547\/le-maire-de-marseille-et-des-deputes-de-gauche-reclament-la-grace-presidentielle-pour-un-rescape-de-la-rue-d-aubagne\" target=\"_blank\" rel=\"noopener\">collectif du 5\u00a0novembre<\/a>. La pi\u00e8ce est un kal\u00e9idoscope qui aborde aussi les micro drames cons\u00e9cutifs \u00e0 celui de la rue d\u2019Aubagne, puisque de nombreux arr\u00eat\u00e9s de p\u00e9ril ont frapp\u00e9 par la suite d\u2019autres immeubles provoquant l\u2019\u00e9vacuation de 4\u00a0000 personnes. Au salut, Mathilde Aurier a remerci\u00e9 le public\u00a0: \u00ab\u00a0Merci d\u2019\u00eatre l\u00e0 et de participer \u00e0 votre mani\u00e8re \u00e0 cette m\u00e9moire collective\u00a0\u00bb, rappelant que \u00ab\u00a0le mal-logement, \u00e7a continue\u00a0\u00bb.<\/p>\n<p>(*) les pr\u00e9noms ont \u00e9t\u00e9 chang\u00e9s.<\/p>\n<p>Les r\u00e9actions<\/p>\n<p>\u00c0 la sortie de la pi\u00e8ce, on a crois\u00e9 Marie, Aurore et Camille, trois trentenaires install\u00e9es \u00e0 Marseille depuis trois ans. \u00ab\u00a0Nous discutions des stigmates du mal-logement\u00a0dans la ville, r\u00e9agit Marie. Au croisement de ma rue, un immeuble frapp\u00e9 de p\u00e9ril est cadenass\u00e9 depuis plusieurs ann\u00e9es et rien ne bouge\u00a0! Les \u00e9vacuations concernent de nombreuses personnes qui ne sont toujours pas relog\u00e9es. Quand je pense que la municipalit\u00e9 de gauche a baptis\u00e9 le parc du 26e Centenaire \u00ab\u00a0Jean-Claude Gaudin\u00a0\u00bb, cela me scandalise\u00a0! Son mandat est entach\u00e9 par ce drame de l\u2019habitat indigne.\u00a0\u00bb Camille, qui sort rarement au th\u00e9\u00e2tre, est heureuse d\u2019avoir vu cette repr\u00e9sentation. \u00ab\u00a0J\u2019aime les pi\u00e8ces qui ne sont pas forc\u00e9ment divertissantes mais qui nous font r\u00e9fl\u00e9chir sur le monde dans lequel on vit\u00a0! On devrait aller plus souvent au th\u00e9\u00e2tre\u00a0!\u00a0\u00bb<\/p>\n<p>\u00ab\u00a065 rue d&rsquo;Aubagne\u00a0\u00bb, \u00e0 partir de 15 ans. Jusqu&rsquo;au dimanche 9 novembre au Th\u00e9\u00e2tre de l&rsquo;\u0152uvre (complet), les 20 et 21 novembre au Th\u00e9\u00e2tre Antoine Vitez \u00e0 Aix-en-Provence (6 \u00e0 18\u20ac), puis du 14 au 18 janvier \u00e0 La Cri\u00e9e &#8211; Th\u00e9\u00e2tre National de Marseille (complet). 6\/18\u20ac. theatre-lacriee.com<\/p>\n","protected":false},"excerpt":{"rendered":"Comment parler au th\u00e9\u00e2tre du 65 rue d\u2019Aubagne, cet immeuble v\u00e9tuste du centre-ville de Marseille dont l\u2019effondrement causa&hellip;\n","protected":false},"author":2,"featured_media":519768,"comment_status":"","ping_status":"","sticky":false,"template":"","format":"standard","meta":{"footnotes":""},"categories":[2814],"tags":[17,27103,64069,1111,11,150,251,16742,1777,674,1011,27,884,12,882,25,3640,1347,52511],"class_list":{"0":"post-519767","1":"post","2":"type-post","3":"status-publish","4":"format-standard","5":"has-post-thumbnail","7":"category-marseille","8":"tag-17","9":"tag-27103","10":"tag-7-ans","11":"tag-actu","12":"tag-actualites","13":"tag-apres","14":"tag-culture","15":"tag-daubagne","16":"tag-eu","17":"tag-europe","18":"tag-fr","19":"tag-france","20":"tag-marseille","21":"tag-news","22":"tag-provence-alpes-cote-dazur","23":"tag-republique-francaise","24":"tag-rue","25":"tag-theatre","26":"tag-uppercut"},"share_on_mastodon":{"url":"https:\/\/pubeurope.com\/@fr\/115512218608779063","error":""},"_links":{"self":[{"href":"https:\/\/www.europesays.com\/fr\/wp-json\/wp\/v2\/posts\/519767","targetHints":{"allow":["GET"]}}],"collection":[{"href":"https:\/\/www.europesays.com\/fr\/wp-json\/wp\/v2\/posts"}],"about":[{"href":"https:\/\/www.europesays.com\/fr\/wp-json\/wp\/v2\/types\/post"}],"author":[{"embeddable":true,"href":"https:\/\/www.europesays.com\/fr\/wp-json\/wp\/v2\/users\/2"}],"replies":[{"embeddable":true,"href":"https:\/\/www.europesays.com\/fr\/wp-json\/wp\/v2\/comments?post=519767"}],"version-history":[{"count":0,"href":"https:\/\/www.europesays.com\/fr\/wp-json\/wp\/v2\/posts\/519767\/revisions"}],"wp:featuredmedia":[{"embeddable":true,"href":"https:\/\/www.europesays.com\/fr\/wp-json\/wp\/v2\/media\/519768"}],"wp:attachment":[{"href":"https:\/\/www.europesays.com\/fr\/wp-json\/wp\/v2\/media?parent=519767"}],"wp:term":[{"taxonomy":"category","embeddable":true,"href":"https:\/\/www.europesays.com\/fr\/wp-json\/wp\/v2\/categories?post=519767"},{"taxonomy":"post_tag","embeddable":true,"href":"https:\/\/www.europesays.com\/fr\/wp-json\/wp\/v2\/tags?post=519767"}],"curies":[{"name":"wp","href":"https:\/\/api.w.org\/{rel}","templated":true}]}}