{"id":519769,"date":"2025-11-08T04:35:36","date_gmt":"2025-11-08T04:35:36","guid":{"rendered":"https:\/\/www.europesays.com\/fr\/519769\/"},"modified":"2025-11-08T04:35:36","modified_gmt":"2025-11-08T04:35:36","slug":"trail-urbain-marseille-outdoor-experiences-les-restrictions-de-stationnement-et-de-circulation","status":"publish","type":"post","link":"https:\/\/www.europesays.com\/fr\/519769\/","title":{"rendered":"Trail urbain &#8211; Marseille Outdoor Experiences : les restrictions de stationnement et de circulation"},"content":{"rendered":"<p>Plus de 5000 coureurs sont attendus dimanche \u00e0 Marseille \u00e0 l&rsquo;occasion du <a href=\"https:\/\/www.laprovence.com\/article\/region\/1724877910081115\/trail-urbain-ils-en-ont-tous-pris-plein-la-vue-avec-le-marseille-outdoor-experiences\" target=\"_blank\" rel=\"noopener\">Marseille Outdoor Experiences<\/a>. Voici les restrictions de stationnement et de circulation li\u00e9es \u00e0 cet \u00e9v\u00e9nement, avec notamment la fermeture de la Corniche de la rue du Capitaine Dessemond au chemin du Vallon de L&rsquo;Oriol.<\/p>\n<p>LE STATIONNEMENT<\/p>\n<p><strong>Du samedi 8 novembre \u00e0 20h au dimanche \u00e0 novembre \u00e0 14h :<\/strong>\u00a0<\/p>\n<p>Interdit, sauf aux v\u00e9hicules li\u00e9s \u00e0 l&rsquo;organisation :<\/p>\n<p>&#8211; Corniche Kennedy, des deux c\u00f4t\u00e9s entre le N.77 et le N.130 puis entre le N.160 et le N.321<\/p>\n<p>&#8211; Rue des Brusques en totalit\u00e9<\/p>\n<p>&#8211; Cours Pierre-Puget entre le N.68 et le N.74<\/p>\n<p>LA CIRCULATION<\/p>\n<p><strong>Dimanche 9 novembre de 6h \u00e0 12h : <\/strong><\/p>\n<p>Neutralis\u00e9e le temps n\u00e9cessaire au passage des coureurs, sauf aux v\u00e9hicules li\u00e9s \u00e0 l&rsquo;organisation, acc\u00e8s aux garages des riverains et aux v\u00e9hicules de secours :<\/p>\n<p>&#8211; Corniche Kennedy entre le N.77 et le N.130 puis entre le N.160 et le N.315<\/p>\n<p>&#8211; Rue des Brusques en totalit\u00e9<\/p>\n<p>&#8211; Traverse Saint-Nicolas entre le N.50 et le N.60<\/p>\n<p>&#8211; Chemin du Souvenir entre le N.1 et le N.15<\/p>\n<p>&#8211; Rue \u00c9mile Duployer entre le N.40 et le N.70<\/p>\n<p>&#8211; Rue Perrinet Pey entre le N.1 et le N.23<\/p>\n<p>&#8211; Rue Martin Brignaudy entre le N.1 et le N.26<\/p>\n<p>&#8211; Chemin du Roucas-Blanc entre le N.171 et le N.199<\/p>\n<p>&#8211; Traverse du g\u00e9nie entre le N.1 et le N.133<\/p>\n<p>&#8211; Rue du commandant de surian entre le N.1 et le N.4<\/p>\n<p>&#8211; Avenue vaudoyer entre le N.1 et le N.9<\/p>\n<p>&#8211; Place de La Major entre le N.1 et le N.2<\/p>\n<p>&#8211; Rue du Four Chapitre entre le N.7 et le N.23<\/p>\n<p>&#8211; Rue Saint-Fran\u00e7ois entre le N.20 et le N.40<\/p>\n<p>&#8211; Rue Mazenod entre le N.1 et le N.15<\/p>\n<p><a href=\"https:\/\/www.marseilleoutdoorexperiences.fr\/\" target=\"_blank\" rel=\"noopener\">Plus d&rsquo;infos<\/a><\/p>\n","protected":false},"excerpt":{"rendered":"Plus de 5000 coureurs sont attendus dimanche \u00e0 Marseille \u00e0 l&rsquo;occasion du Marseille Outdoor Experiences. Voici les restrictions&hellip;\n","protected":false},"author":2,"featured_media":519770,"comment_status":"","ping_status":"","sticky":false,"template":"","format":"standard","meta":{"footnotes":""},"categories":[2814],"tags":[17,1111,11,1777,674,12214,1011,27,151,884,12,29337,882,25,16524,60,6187,4889],"class_list":{"0":"post-519769","1":"post","2":"type-post","3":"status-publish","4":"format-standard","5":"has-post-thumbnail","7":"category-marseille","8":"tag-17","9":"tag-actu","10":"tag-actualites","11":"tag-eu","12":"tag-europe","13":"tag-experiences","14":"tag-fr","15":"tag-france","16":"tag-les","17":"tag-marseille","18":"tag-news","19":"tag-outdoor","20":"tag-provence-alpes-cote-dazur","21":"tag-republique-francaise","22":"tag-restrictions","23":"tag-sports","24":"tag-trail","25":"tag-urbain"},"share_on_mastodon":{"url":"https:\/\/pubeurope.com\/@fr\/115512221589364044","error":""},"_links":{"self":[{"href":"https:\/\/www.europesays.com\/fr\/wp-json\/wp\/v2\/posts\/519769","targetHints":{"allow":["GET"]}}],"collection":[{"href":"https:\/\/www.europesays.com\/fr\/wp-json\/wp\/v2\/posts"}],"about":[{"href":"https:\/\/www.europesays.com\/fr\/wp-json\/wp\/v2\/types\/post"}],"author":[{"embeddable":true,"href":"https:\/\/www.europesays.com\/fr\/wp-json\/wp\/v2\/users\/2"}],"replies":[{"embeddable":true,"href":"https:\/\/www.europesays.com\/fr\/wp-json\/wp\/v2\/comments?post=519769"}],"version-history":[{"count":0,"href":"https:\/\/www.europesays.com\/fr\/wp-json\/wp\/v2\/posts\/519769\/revisions"}],"wp:featuredmedia":[{"embeddable":true,"href":"https:\/\/www.europesays.com\/fr\/wp-json\/wp\/v2\/media\/519770"}],"wp:attachment":[{"href":"https:\/\/www.europesays.com\/fr\/wp-json\/wp\/v2\/media?parent=519769"}],"wp:term":[{"taxonomy":"category","embeddable":true,"href":"https:\/\/www.europesays.com\/fr\/wp-json\/wp\/v2\/categories?post=519769"},{"taxonomy":"post_tag","embeddable":true,"href":"https:\/\/www.europesays.com\/fr\/wp-json\/wp\/v2\/tags?post=519769"}],"curies":[{"name":"wp","href":"https:\/\/api.w.org\/{rel}","templated":true}]}}