{"id":519789,"date":"2025-11-08T04:47:14","date_gmt":"2025-11-08T04:47:14","guid":{"rendered":"https:\/\/www.europesays.com\/fr\/519789\/"},"modified":"2025-11-08T04:47:14","modified_gmt":"2025-11-08T04:47:14","slug":"une-vague-de-froid-historique-menace-les-etats-unis","status":"publish","type":"post","link":"https:\/\/www.europesays.com\/fr\/519789\/","title":{"rendered":"Une vague de froid historique menace les \u00c9tats-Unis"},"content":{"rendered":"<p>\n    Une vague de froid arctique pourrait battre des records datant du XIXe si\u00e8cle. Plus de 155 millions d\u2019Am\u00e9ricains devraient subir des temp\u00e9ratures glaciales jusqu\u2019\u00e0 mercredi.<\/p>\n<p class=\"fig-paragraph\">Le\u00a0<a href=\"https:\/\/www.lefigaro.fr\/tag\/mercure\" target=\"_blank\" rel=\"nofollow noopener\" data-gtm-custom-categorie=\"navigation\" data-gtm-custom-action=\"crossclick\" data-gtm-custom-label=\"Contextuel\" data-gtm-event=\"customEventSPE\">mercure<\/a>\u00a0pourrait descendre sous les -7\u00b0C en Alabama et dans le Mississippi. Cette masse d\u2019air arctique, d\u00e9crite par les m\u00e9t\u00e9orologues comme \u00abla plus froide de la plan\u00e8te depuis un certain temps\u00bb, d\u00e9ferlera ce week-end aux \u00c9tats-Unis sur les Grandes Plaines et le Midwest, avant d\u2019atteindre la c\u00f4te Est lundi. Au total, 155 millions de personnes dans les \u00c9tats contigus subiront des temp\u00e9ratures glaciales jusqu\u2019\u00e0 mercredi, comme le rapporte le\u00a0<a href=\"https:\/\/www.washingtonpost.com\/weather\/2025\/11\/07\/freezing-air-plains-midwest-east-forecast\/\" target=\"_blank\" rel=\"nofollow noopener\" data-gtm-custom-categorie=\"navigation\" data-gtm-custom-action=\"crossclick\" data-gtm-custom-label=\"Contextuel\" data-gtm-event=\"customEventSPE\">Washington Post<\/a> .<\/p>\n<p class=\"fig-paragraph\">Les \u00c9tats du \u00abSud profond\u00bb (Alabama, G\u00e9orgie, Louisiane, Mississippi et Caroline du Sud) et m\u00eame la Floride conna\u00eetront ainsi des temp\u00e9ratures de 11 \u00e0 17\u00b0C inf\u00e9rieures aux normales. En Floride, les autorit\u00e9s m\u00e9t\u00e9orologiques mettent d\u2019ailleurs en garde contre la chute des iguanes. Lesquels s\u2019immobilisent et tombent des arbres lorsque le thermom\u00e8tre descend trop bas.<\/p>\n<p>                                    <a class=\"fig-a11y-skip a11y-hidden\" href=\"#fig-a11y-skip-main-inarticle\"><br \/>\n        Passer la publicit\u00e9<br \/>\n    <\/a><\/p>\n<p>Records centenaires en vue<\/p>\n<p class=\"fig-paragraph\">Au total, treize \u00c9tats pourraient voir leurs records tomber. \u00c0 Meridian (Mississippi), le mercure ne devrait pas d\u00e9passer les 9\u00b0C lundi, un record depuis 1889. Idem \u00e0 Montgomery (Alabama) qui s\u2019attend \u00e0 battre son record de 1892 avec seulement 9,5\u00b0C. Tandis qu\u2019\u00e0 Brooksville, pr\u00e8s de Tampa (Floride), le thermom\u00e8tre descendra \u00e0 1\u00b0C, mena\u00e7ant ici un record de 1894.<\/p>\n<p class=\"fig-paragraph\">Des chutes de neige sont aussi attendues de dimanche \u00e0 lundi, du Haut-Midwest jusqu\u2019au sud des Appalaches. Les flocons pourraient atteindre le centre de la c\u00f4te atlantique lundi soir. Jusqu\u2019\u00e0 30 centim\u00e8tres dans le nord de l\u2019\u00c9tat de New York sont m\u00eame attendus. Un retour \u00e0 la normale est pr\u00e9vu pour la seconde moiti\u00e9 de novembre.<\/p>\n","protected":false},"excerpt":{"rendered":"Une vague de froid arctique pourrait battre des records datant du XIXe si\u00e8cle. Plus de 155 millions d\u2019Am\u00e9ricains&hellip;\n","protected":false},"author":2,"featured_media":519790,"comment_status":"","ping_status":"","sticky":false,"template":"","format":"standard","meta":{"footnotes":""},"categories":[1589],"tags":[11,73,1866,2487,12,1864,1865,1863,308],"class_list":{"0":"post-519789","1":"post","2":"type-post","3":"status-publish","4":"format-standard","5":"has-post-thumbnail","7":"category-etats-unis","8":"tag-actualites","9":"tag-etats-unis","10":"tag-etats-unis-damerique","11":"tag-meteo","12":"tag-news","13":"tag-united-states","14":"tag-united-states-of-america","15":"tag-us","16":"tag-usa"},"share_on_mastodon":{"url":"https:\/\/pubeurope.com\/@fr\/115512268853991068","error":""},"_links":{"self":[{"href":"https:\/\/www.europesays.com\/fr\/wp-json\/wp\/v2\/posts\/519789","targetHints":{"allow":["GET"]}}],"collection":[{"href":"https:\/\/www.europesays.com\/fr\/wp-json\/wp\/v2\/posts"}],"about":[{"href":"https:\/\/www.europesays.com\/fr\/wp-json\/wp\/v2\/types\/post"}],"author":[{"embeddable":true,"href":"https:\/\/www.europesays.com\/fr\/wp-json\/wp\/v2\/users\/2"}],"replies":[{"embeddable":true,"href":"https:\/\/www.europesays.com\/fr\/wp-json\/wp\/v2\/comments?post=519789"}],"version-history":[{"count":0,"href":"https:\/\/www.europesays.com\/fr\/wp-json\/wp\/v2\/posts\/519789\/revisions"}],"wp:featuredmedia":[{"embeddable":true,"href":"https:\/\/www.europesays.com\/fr\/wp-json\/wp\/v2\/media\/519790"}],"wp:attachment":[{"href":"https:\/\/www.europesays.com\/fr\/wp-json\/wp\/v2\/media?parent=519789"}],"wp:term":[{"taxonomy":"category","embeddable":true,"href":"https:\/\/www.europesays.com\/fr\/wp-json\/wp\/v2\/categories?post=519789"},{"taxonomy":"post_tag","embeddable":true,"href":"https:\/\/www.europesays.com\/fr\/wp-json\/wp\/v2\/tags?post=519789"}],"curies":[{"name":"wp","href":"https:\/\/api.w.org\/{rel}","templated":true}]}}