{"id":51979,"date":"2025-04-25T14:45:17","date_gmt":"2025-04-25T14:45:17","guid":{"rendered":"https:\/\/www.europesays.com\/fr\/51979\/"},"modified":"2025-04-25T14:45:17","modified_gmt":"2025-04-25T14:45:17","slug":"joel-tout-le-monde-veut-prendre-sa-place-passe-un-nouveau-cap-cyril-feraud-le-felicite","status":"publish","type":"post","link":"https:\/\/www.europesays.com\/fr\/51979\/","title":{"rendered":"Jo\u00ebl (Tout le monde veut prendre sa place) passe un nouveau cap, Cyril F\u00e9raud le f\u00e9licite"},"content":{"rendered":"<p>Ce vendredi 25 avril, Jo\u00ebl a r\u00e9ussi un nouvel exploit dans le jeu Tout le monde veut prendre sa place, diffus\u00e9 sur France 2. Le champion en titre, arriv\u00e9 le 22 janvier 2025 sur le fauteuil rouge, esp\u00e8re bien continuer dans sa lanc\u00e9e. <\/p>\n<p>Si \u00c9milien fait beaucoup parler de lui sur TF1 avec<a href=\"https:\/\/www.programme-tv.net\/news\/tv\/377054-on-est-prevenu-quand-on-arrive-emilien-les-12-coups-de-midi-revient-sur-sa-notoriete-depuis-ses-debuts-dans-le-jeu\/\" data-api-deeplink=\"teleloisirs:\/\/news\/377054\" target=\"_blank\" rel=\"noopener\"> un nombre hallucinant de participations<\/a> dans Les 12 coups de midi, un autre champion est \u00e0 surveiller de pr\u00e8s, cette fois-ci sur France 2. En effet, Jo\u00ebl, 57 ans, maintient en haleine les t\u00e9l\u00e9spectateurs de Tout le monde veut prendre sa place, pr\u00e9sent\u00e9 depuis septembre 2024 par Cyril F\u00e9raud. Ce conducteur de train \u00e0 la retraite originaire des Landes se rapproche lentement mais s\u00fbrement des 100 participations puisqu&rsquo;il vient aujourd&rsquo;hui de passer un nouveau cap !<\/p>\n<p>\u00ab\u00a0<b>Encore une barre fatidique de franchie\u00a0\u00bb <\/b><b>: <\/b>Jo\u00ebl (Tout le monde veut prendre sa place) passe un cap, Cyril F\u00e9raud le f\u00e9licite<\/p>\n<p>Depuis son arriv\u00e9e dans le jeu le 22 janvier 2025, Jo\u00ebl a su mener sa barque en faisant deux rachats \u00e0 la suite de ses d\u00e9faites. Le premier a \u00e9t\u00e9 fait face \u00e0 Sylvain,<a href=\"https:\/\/www.programme-tv.net\/news\/tv\/373234-tout-le-monde-veut-prendre-sa-place-joel-a-eu-tres-chaud-ce-lundi-voici-la-somme-qu-il-a-du-donner-pour-garder-son-fauteuil\/\" data-api-deeplink=\"teleloisirs:\/\/news\/373234\" target=\"_blank\" rel=\"noopener\"> \u00e0 qui il a propos\u00e9 9000 \u20ac<\/a>, et le second face \u00e0 Melvin, le 24 mars, <a href=\"https:\/\/www.programme-tv.net\/news\/tv\/374227-je-n-avais-pas-dormi-de-la-nuit-joel-tout-le-monde-veut-prendre-sa-place-reagit-a-sa-deuxieme-defaite-qui-a-failli-lui-couter-sa-place-de-champion\/\" data-api-deeplink=\"teleloisirs:\/\/news\/374227\" target=\"_blank\" rel=\"noopener\">jour o\u00f9 il aurait d\u00fb remporter sa 60e victoire<\/a>, en d\u00e9boursant 8600 \u20ac. Ce vendredi 25 avril, le champion a pass\u00e9 un nouveau cap dans le programme de la Deux puisqu&rsquo;<b>il a atteint&#8230; les 90 victoires<\/b> ! \u00ab\u00a0<b>Bravo champion ! Encore une barre fatidique de franchie. Bravo pour cette victoire<\/b>\u00a0\u00bb a lanc\u00e9 Cyril F\u00e9raud en f\u00e9licitant chaleureusement le candidat dans son fauteuil rouge, tout sourire. Ce dernier n&rsquo;a pas comment\u00e9 ce nouveau palier mais \u00e9tait visiblement ravi. Pour rappel, il avait d\u00e9j\u00e0 gagn\u00e9 un voyage aux Canaries lors de sa 50e victoire et un saut en parachute pour la 70e.<\/p>\n<p>                        Jo\u00ebl (Tout le monde veut prendre sa place) approche des 80 000 euros de cagnotte<\/p>\n<p>Le champion, qui a \u00e9limin\u00e9 son dernier adversaire du jour &#8211; un certain Jonathan -, compte \u00e0 pr\u00e9sent 75 400 \u20ac euros dans sa cagnotte. Si son nombre de victoires dans le jeu de midi de France 2 est impressionnant, il devra encore s\u2019accrocher avant d&rsquo;esp\u00e9rer battre le record de l&rsquo;\u00e9mission, d\u00e9tenu par Marie-Christine. La candidate, qui <a href=\"https:\/\/www.programme-tv.net\/news\/tv\/366639-c-etait-violent-marie-christine-tout-le-monde-veut-prendre-sa-place-revient-sur-les-consequences-de-sa-participation-au-jeu\/\" data-api-deeplink=\"teleloisirs:\/\/news\/366639\" target=\"_blank\" rel=\"noopener\">avait marqu\u00e9 le programme en 2018<\/a> et que les t\u00e9l\u00e9spectateurs connaissent bien, cumule 213 victoires et 196 900 euros de gains. C&rsquo;est tout ce qu&rsquo;on lui souhaite !<\/p>\n","protected":false},"excerpt":{"rendered":"Ce vendredi 25 avril, Jo\u00ebl a r\u00e9ussi un nouvel exploit dans le jeu Tout le monde veut prendre&hellip;\n","protected":false},"author":2,"featured_media":51980,"comment_status":"","ping_status":"","sticky":false,"template":"","format":"standard","meta":{"footnotes":""},"categories":[1356],"tags":[244,12119,58,59,1011,27,594,14497,252,12120,1364],"class_list":{"0":"post-51979","1":"post","2":"type-post","3":"status-publish","4":"format-standard","5":"has-post-thumbnail","7":"category-television","8":"tag-commentaire","9":"tag-cyril-fu00e9raud","10":"tag-divertissement","11":"tag-entertainment","12":"tag-fr","13":"tag-france","14":"tag-france-2","15":"tag-jou00ebl-tout-le-monde-veut-prendre-sa-place","16":"tag-television","17":"tag-tout-le-monde-veut-prendre-sa-place","18":"tag-tv"},"share_on_mastodon":{"url":"https:\/\/pubeurope.com\/@fr\/114399145106869844","error":""},"_links":{"self":[{"href":"https:\/\/www.europesays.com\/fr\/wp-json\/wp\/v2\/posts\/51979","targetHints":{"allow":["GET"]}}],"collection":[{"href":"https:\/\/www.europesays.com\/fr\/wp-json\/wp\/v2\/posts"}],"about":[{"href":"https:\/\/www.europesays.com\/fr\/wp-json\/wp\/v2\/types\/post"}],"author":[{"embeddable":true,"href":"https:\/\/www.europesays.com\/fr\/wp-json\/wp\/v2\/users\/2"}],"replies":[{"embeddable":true,"href":"https:\/\/www.europesays.com\/fr\/wp-json\/wp\/v2\/comments?post=51979"}],"version-history":[{"count":0,"href":"https:\/\/www.europesays.com\/fr\/wp-json\/wp\/v2\/posts\/51979\/revisions"}],"wp:featuredmedia":[{"embeddable":true,"href":"https:\/\/www.europesays.com\/fr\/wp-json\/wp\/v2\/media\/51980"}],"wp:attachment":[{"href":"https:\/\/www.europesays.com\/fr\/wp-json\/wp\/v2\/media?parent=51979"}],"wp:term":[{"taxonomy":"category","embeddable":true,"href":"https:\/\/www.europesays.com\/fr\/wp-json\/wp\/v2\/categories?post=51979"},{"taxonomy":"post_tag","embeddable":true,"href":"https:\/\/www.europesays.com\/fr\/wp-json\/wp\/v2\/tags?post=51979"}],"curies":[{"name":"wp","href":"https:\/\/api.w.org\/{rel}","templated":true}]}}