{"id":519791,"date":"2025-11-08T04:48:20","date_gmt":"2025-11-08T04:48:20","guid":{"rendered":"https:\/\/www.europesays.com\/fr\/519791\/"},"modified":"2025-11-08T04:48:20","modified_gmt":"2025-11-08T04:48:20","slug":"meurtrier-denfant-tue-par-ses-codetenus-un-celebre-chanteur-pedophile-assassine-dans-la-meme-prison","status":"publish","type":"post","link":"https:\/\/www.europesays.com\/fr\/519791\/","title":{"rendered":"Meurtrier d\u2019enfant tu\u00e9 par ses cod\u00e9tenus\u00a0: un c\u00e9l\u00e8bre chanteur p\u00e9dophile assassin\u00e9 dans la m\u00eame prison"},"content":{"rendered":"<p>\n                                                                    l&rsquo;essentiel<br \/>\n                                                                La prison dans laquelle a \u00e9t\u00e9 tu\u00e9 un homme condamn\u00e9 pour le meurtre d\u2019une enfant a \u00e9t\u00e9 le th\u00e9\u00e2tre d\u2019un sordide drame moins d\u2019un mois auparavant. La victime \u00e9tait l\u2019ancien chanteur des Lostprophets, Ian Watkins.\n                            <\/p>\n<p>Kyle Bevan, 33 ans, a \u00e9t\u00e9 retrouv\u00e9 mort dans sa cellule de la prison de Wakefield, dans le West Yorkshire, mercredi 5\u00a0novembre.\u00a0Il avait \u00e9t\u00e9 condamn\u00e9 \u00e0 la prison \u00e0 vie pour <strong>le meurtre de Lola James<\/strong>, la fille de deux ans de sa compagne en 2020.<\/p>\n<p>Trois hommes comparaissaient ce vendredi, accus\u00e9s du meurtre du trentenaire.\u00a0Mark Fellows, 45 ans, Lee Newell, 56 ans, et David Taylor, 63 ans, tous d\u00e9tenus \u00e0 la prison de Wakefield, n\u2019ont pas plaid\u00e9 coupable ni non coupable et compara\u00eetront de nouveau devant la Cour de la Couronne de Leeds <strong>le 10\u00a0novembre<\/strong>, relate la <a href=\"https:\/\/www.bbc.com\/news\/articles\/cx2483wx424o\" target=\"_self\" rel=\"nofollow noopener\">BBC<\/a>.<\/p>\n<p>Un c\u00e9l\u00e8bre chanteur de rock tu\u00e9 par deux d\u00e9tenus<\/p>\n<p>Moins d\u2019un mois avant le meurtre, un autre individu de la m\u00eame prison perdait la vie apr\u00e8s avoir \u00e9t\u00e9 agress\u00e9 par un ou plusieurs cod\u00e9tenus. La victime n\u2019est autre que le chanteur du groupe des Lostprophets, Ian Watkins. Il y purgeait une peine de 29 ans de prison, apr\u00e8s avoir \u00e9t\u00e9 reconnu coupable en 2013 de <strong>multiples agressions sexuelles sur des enfants<\/strong>.<\/p>\n<p>Les Lostprophets est un groupe connu dans le paysage du rock alternatif gallois, cumulant <strong>des millions d\u2019albums vendus<\/strong> \u00e0 travers le monde. Son ancien leader de 48 ans aurait \u00e9t\u00e9 assassin\u00e9 par Rashid Gedel, 25 ans, et Samuel Dodsworth, 43 ans.<\/p>\n<p>La prison de Wakefield, \u00e9tablissement de haute s\u00e9curit\u00e9 abritant certains <strong>des criminels les plus notoires<\/strong> du Royaume-Uni, compte actuellement plus de 600 d\u00e9tenus. Un\u00a0rapport sur les conditions de vie au sein de l\u2019\u00e9tablissement\u00a0indiquait \u00e9galement que \u00ab\u00a0l\u2019infrastructure de la prison \u00e9tait en mauvais \u00e9tat\u00a0\u00bb, citant \u00ab\u00a0des pannes r\u00e9p\u00e9t\u00e9es d\u2019\u00e9quipements essentiels\u00a0\u00bb et \u00ab\u00a0certains \u00e9l\u00e9ments importants des syst\u00e8mes de s\u00e9curit\u00e9 p\u00e9rim\u00e9trique de la prison\u00a0\u00bb.<\/p>\n","protected":false},"excerpt":{"rendered":"l&rsquo;essentiel La prison dans laquelle a \u00e9t\u00e9 tu\u00e9 un homme condamn\u00e9 pour le meurtre d\u2019une enfant a \u00e9t\u00e9&hellip;\n","protected":false},"author":2,"featured_media":519792,"comment_status":"","ping_status":"","sticky":false,"template":"","format":"standard","meta":{"footnotes":""},"categories":[1588],"tags":[11,1777,674,12,473,1853,1851,1850,1852],"class_list":{"0":"post-519791","1":"post","2":"type-post","3":"status-publish","4":"format-standard","5":"has-post-thumbnail","7":"category-royaume-uni","8":"tag-actualites","9":"tag-eu","10":"tag-europe","11":"tag-news","12":"tag-royaume-uni","13":"tag-royaume-uni-de-grande-bretagne-et-dirlande-du-nord","14":"tag-uk","15":"tag-united-kingdom","16":"tag-united-kingdom-of-great-britain-and-northern-ireland"},"share_on_mastodon":{"url":"https:\/\/pubeurope.com\/@fr\/115512272729877541","error":""},"_links":{"self":[{"href":"https:\/\/www.europesays.com\/fr\/wp-json\/wp\/v2\/posts\/519791","targetHints":{"allow":["GET"]}}],"collection":[{"href":"https:\/\/www.europesays.com\/fr\/wp-json\/wp\/v2\/posts"}],"about":[{"href":"https:\/\/www.europesays.com\/fr\/wp-json\/wp\/v2\/types\/post"}],"author":[{"embeddable":true,"href":"https:\/\/www.europesays.com\/fr\/wp-json\/wp\/v2\/users\/2"}],"replies":[{"embeddable":true,"href":"https:\/\/www.europesays.com\/fr\/wp-json\/wp\/v2\/comments?post=519791"}],"version-history":[{"count":0,"href":"https:\/\/www.europesays.com\/fr\/wp-json\/wp\/v2\/posts\/519791\/revisions"}],"wp:featuredmedia":[{"embeddable":true,"href":"https:\/\/www.europesays.com\/fr\/wp-json\/wp\/v2\/media\/519792"}],"wp:attachment":[{"href":"https:\/\/www.europesays.com\/fr\/wp-json\/wp\/v2\/media?parent=519791"}],"wp:term":[{"taxonomy":"category","embeddable":true,"href":"https:\/\/www.europesays.com\/fr\/wp-json\/wp\/v2\/categories?post=519791"},{"taxonomy":"post_tag","embeddable":true,"href":"https:\/\/www.europesays.com\/fr\/wp-json\/wp\/v2\/tags?post=519791"}],"curies":[{"name":"wp","href":"https:\/\/api.w.org\/{rel}","templated":true}]}}