{"id":519801,"date":"2025-11-08T04:54:58","date_gmt":"2025-11-08T04:54:58","guid":{"rendered":"https:\/\/www.europesays.com\/fr\/519801\/"},"modified":"2025-11-08T04:54:58","modified_gmt":"2025-11-08T04:54:58","slug":"asse-le-groupe-pour-troyes-est-tombe-horneland-a-fait-des-choix-tres-forts-en-defense","status":"publish","type":"post","link":"https:\/\/www.europesays.com\/fr\/519801\/","title":{"rendered":"ASSE : le groupe pour Troyes est tomb\u00e9, Horneland a fait des choix tr\u00e8s forts en d\u00e9fense"},"content":{"rendered":"<p><strong>Le groupe de l\u2019ASSE pour se d\u00e9placer \u00e0 Troyes ce samedi \u00e0 20 heures.<\/strong><\/p>\n<p>Ce samedi, <a href=\"https:\/\/www.butfootballclub.fr\/actualites\/ligue-1\/asse\/\" rel=\"noreferrer noopener\" target=\"_blank\">l\u2019ASSE<\/a> se d\u00e9place sur la pelouse de l\u2019ESTAC Troyes pour la 14e journ\u00e9e de Ligue 2. Plomb\u00e9 par les absences de Maxime Bernauer, Jo\u00e3o Ferreira, et Chico Lamba en d\u00e9fense, Eirik Horneland a fait le choix d\u2019appeler en renforts les jeunes Axel Dodote (18 ans) et K\u00e9vin Pedro (19 ans). L\u2019un des deux devrait donc d\u00e9buter, ainsi qu\u2019Appiah. \u00c0 noter que Dylan Batubinsika et Yvann Ma\u00e7on n\u2019ont m\u00eame pas \u00e9t\u00e9 convoqu\u00e9s malgr\u00e9 l\u2019h\u00e9catombe, de m\u00eame que Lassana Traor\u00e9. Augustine Boakye fait quant \u00e0 lui son retour.<\/p>\n<p>Le groupe de l\u2019ASSE<\/p>\n<p>Larsonneur, Maubleu \u2013 Annan, Appiah, Dodote, Nad\u00e9, Pedro \u2013 El Jamali, Gadegbeku, Jaber, Moueffek, Tardieu \u2013 Boakye, Cardona, Davitashvili, Duffus, Old, Stassin.<\/p>\n","protected":false},"excerpt":{"rendered":"Le groupe de l\u2019ASSE pour se d\u00e9placer \u00e0 Troyes ce samedi \u00e0 20 heures. Ce samedi, l\u2019ASSE se&hellip;\n","protected":false},"author":2,"featured_media":519802,"comment_status":"","ping_status":"","sticky":false,"template":"","format":"standard","meta":{"footnotes":""},"categories":[2],"tags":[11,448,63,1011,27,66,3388,12,25,10662],"class_list":{"0":"post-519801","1":"post","2":"type-post","3":"status-publish","4":"format-standard","5":"has-post-thumbnail","7":"category-actualites","8":"tag-actualites","9":"tag-champions-league","10":"tag-football","11":"tag-fr","12":"tag-france","13":"tag-ligue-1","14":"tag-matchs","15":"tag-news","16":"tag-republique-francaise","17":"tag-transferts"},"share_on_mastodon":{"url":"https:\/\/pubeurope.com\/@fr\/115512300221658367","error":""},"_links":{"self":[{"href":"https:\/\/www.europesays.com\/fr\/wp-json\/wp\/v2\/posts\/519801","targetHints":{"allow":["GET"]}}],"collection":[{"href":"https:\/\/www.europesays.com\/fr\/wp-json\/wp\/v2\/posts"}],"about":[{"href":"https:\/\/www.europesays.com\/fr\/wp-json\/wp\/v2\/types\/post"}],"author":[{"embeddable":true,"href":"https:\/\/www.europesays.com\/fr\/wp-json\/wp\/v2\/users\/2"}],"replies":[{"embeddable":true,"href":"https:\/\/www.europesays.com\/fr\/wp-json\/wp\/v2\/comments?post=519801"}],"version-history":[{"count":0,"href":"https:\/\/www.europesays.com\/fr\/wp-json\/wp\/v2\/posts\/519801\/revisions"}],"wp:featuredmedia":[{"embeddable":true,"href":"https:\/\/www.europesays.com\/fr\/wp-json\/wp\/v2\/media\/519802"}],"wp:attachment":[{"href":"https:\/\/www.europesays.com\/fr\/wp-json\/wp\/v2\/media?parent=519801"}],"wp:term":[{"taxonomy":"category","embeddable":true,"href":"https:\/\/www.europesays.com\/fr\/wp-json\/wp\/v2\/categories?post=519801"},{"taxonomy":"post_tag","embeddable":true,"href":"https:\/\/www.europesays.com\/fr\/wp-json\/wp\/v2\/tags?post=519801"}],"curies":[{"name":"wp","href":"https:\/\/api.w.org\/{rel}","templated":true}]}}