{"id":519805,"date":"2025-11-08T05:00:12","date_gmt":"2025-11-08T05:00:12","guid":{"rendered":"https:\/\/www.europesays.com\/fr\/519805\/"},"modified":"2025-11-08T05:00:12","modified_gmt":"2025-11-08T05:00:12","slug":"quand-la-femme-de-cheslin-kolbe-accusait-le-xv-de-france-davoir-paye-larbitre","status":"publish","type":"post","link":"https:\/\/www.europesays.com\/fr\/519805\/","title":{"rendered":"Quand la femme de Cheslin Kolbe accusait le XV de France d\u2019avoir pay\u00e9 l\u2019arbitre"},"content":{"rendered":"<p data-start=\"246\" data-end=\"515\">La tension monte avant le choc entre la France et l\u2019Afrique du Sud, pr\u00e9vu ce samedi soir (21h10) au Stade de France. Depuis plusieurs ann\u00e9es, les affrontements entre les deux nations sont accompagn\u00e9s d\u2019une s\u00e9rie de pol\u00e9miques arbitrales qui entretiennent la rivalit\u00e9.<\/p>\n<p data-start=\"517\" data-end=\"874\">Le quart de finale de la Coupe du monde 2023 (28-29) reste encore dans toutes les m\u00e9moires. Ce soir-l\u00e0, les Bleus avaient quitt\u00e9 le tournoi la t\u00eate basse, min\u00e9s par plusieurs d\u00e9cisions controvers\u00e9es : un possible en-avant d\u2019Eben Etzebeth, ou encore le contre de Cheslin Kolbe sur la transformation de Thomas Ramos, jug\u00e9 limite par beaucoup d\u2019observateurs.<\/p>\n<p data-start=\"876\" data-end=\"1325\">Mais c\u00f4t\u00e9 sud-africain, on n\u2019a pas oubli\u00e9 non plus la derni\u00e8re victoire fran\u00e7aise, obtenue \u00e0 Marseille en novembre 2022 (30-26). Ce match-l\u00e0 aussi avait d\u00e9cha\u00een\u00e9 les passions. Thomas Ramos avait \u00e9t\u00e9 accus\u00e9 d\u2019un geste litigieux sur\u2026 Cheslin Kolbe, d\u00e9j\u00e0.<\/p>\n<p data-start=\"876\" data-end=\"1325\">\u00ab Il n\u2019y a que nous \u00e0 bl\u00e2mer vu que les Fran\u00e7ais \u00e9taient incroyables sur le terrain (joueurs) et en dehors (supporters) \u00bb, avait ironis\u00e9 \u00e0 l\u2019\u00e9poque Rassie Erasmus sur Twitter, vid\u00e9o \u00e0 l\u2019appui.<\/p>\n<p data-start=\"1327\" data-end=\"1572\">Layla Kolbe, l\u2019\u00e9pouse de l\u2019ailier des Boks, avait elle aussi jet\u00e9 de l\u2019huile sur le feu avec un message \u00e9nigmatique sur Instagram : \u00ab Bien jou\u00e9 la France \u00bb, accompagn\u00e9 d\u2019un \u00e9moji billet, laissant entendre que les Bleus avaient achet\u00e9 l\u2019arbitre.<\/p>\n<p data-start=\"1574\" data-end=\"1922\">Deux ans plus tard, le souvenir reste vif. En conf\u00e9rence de presse cette semaine, Rassie Erasmus a d\u2019ailleurs raviv\u00e9 les braises en \u00e9voquant un incident pass\u00e9 : \u00ab Quand l\u2019arbitre vid\u00e9o devait revoir une action, les \u00e9crans du stade s\u2019\u00e9taient \u00e9teints, et l\u2019arbitre, Wayne Barnes, ne pouvait rien voir \u00bb, a rappel\u00e9 le s\u00e9lectionneur des Springboks.<\/p>\n<p data-start=\"1924\" data-end=\"2048\">De quoi relancer les vieilles rancunes \u00e0 la veille d\u2019une nouvelle bataille entre Tricolores et doubles champions du monde.<\/p>\n","protected":false},"excerpt":{"rendered":"La tension monte avant le choc entre la France et l\u2019Afrique du Sud, pr\u00e9vu ce samedi soir (21h10)&hellip;\n","protected":false},"author":2,"featured_media":519806,"comment_status":"","ping_status":"","sticky":false,"template":"","format":"standard","meta":{"footnotes":""},"categories":[1416],"tags":[1011,27,479,1468,60],"class_list":{"0":"post-519805","1":"post","2":"type-post","3":"status-publish","4":"format-standard","5":"has-post-thumbnail","7":"category-rugby","8":"tag-fr","9":"tag-france","10":"tag-rugby","11":"tag-rugby-football","12":"tag-sports"},"share_on_mastodon":{"url":"https:\/\/pubeurope.com\/@fr\/115512319944210273","error":""},"_links":{"self":[{"href":"https:\/\/www.europesays.com\/fr\/wp-json\/wp\/v2\/posts\/519805","targetHints":{"allow":["GET"]}}],"collection":[{"href":"https:\/\/www.europesays.com\/fr\/wp-json\/wp\/v2\/posts"}],"about":[{"href":"https:\/\/www.europesays.com\/fr\/wp-json\/wp\/v2\/types\/post"}],"author":[{"embeddable":true,"href":"https:\/\/www.europesays.com\/fr\/wp-json\/wp\/v2\/users\/2"}],"replies":[{"embeddable":true,"href":"https:\/\/www.europesays.com\/fr\/wp-json\/wp\/v2\/comments?post=519805"}],"version-history":[{"count":0,"href":"https:\/\/www.europesays.com\/fr\/wp-json\/wp\/v2\/posts\/519805\/revisions"}],"wp:featuredmedia":[{"embeddable":true,"href":"https:\/\/www.europesays.com\/fr\/wp-json\/wp\/v2\/media\/519806"}],"wp:attachment":[{"href":"https:\/\/www.europesays.com\/fr\/wp-json\/wp\/v2\/media?parent=519805"}],"wp:term":[{"taxonomy":"category","embeddable":true,"href":"https:\/\/www.europesays.com\/fr\/wp-json\/wp\/v2\/categories?post=519805"},{"taxonomy":"post_tag","embeddable":true,"href":"https:\/\/www.europesays.com\/fr\/wp-json\/wp\/v2\/tags?post=519805"}],"curies":[{"name":"wp","href":"https:\/\/api.w.org\/{rel}","templated":true}]}}