{"id":519807,"date":"2025-11-08T05:01:16","date_gmt":"2025-11-08T05:01:16","guid":{"rendered":"https:\/\/www.europesays.com\/fr\/519807\/"},"modified":"2025-11-08T05:01:16","modified_gmt":"2025-11-08T05:01:16","slug":"le-masters-next-gen-quitte-deja-larabie-saoudite","status":"publish","type":"post","link":"https:\/\/www.europesays.com\/fr\/519807\/","title":{"rendered":"le Masters Next Gen quitte d\u00e9j\u00e0 l\u2019Arabie saoudite"},"content":{"rendered":"<p>                <img decoding=\"async\" src=\"https:\/\/www.europesays.com\/fr\/wp-content\/uploads\/2025\/11\/ytz9.jpg\" fetchpriority=\"high\" alt=\"Fin de partie \u00e0 Djeddah : le Masters Next Gen quitte d\u00e9j\u00e0 l\u2019Arabie saoudite\"\/><\/p>\n<p>Apr\u00e8s seulement trois \u00e9ditions, l\u2019Arabie saoudite ne sera plus l\u2019h\u00f4te du Masters Next Gen. L\u2019ATP cherche d\u00e9j\u00e0 une nouvelle destination pour 2026, marquant la fin pr\u00e9matur\u00e9e d\u2019un partenariat cens\u00e9 durer jusqu\u2019en 2027.<\/p>\n<p>Si l\u2019Arabie saoudite semble tout rafler ces derni\u00e8res ann\u00e9es dans le monde du tennis et imposer une certaine emprise sur les circuits ATP et WTA, le pays du Golfe vient aujourd\u2019hui de perdre l\u2019un de ses points d\u2019ancrage.<\/p>\n<p>Selon les informations de The National, le Masters Next Gen, organis\u00e9 dans la ville de Djeddah depuis 2023, bouclera une derni\u00e8re \u00e9dition sur le territoire saoudien en d\u00e9cembre (du 17 au 21), avant de se mettre en qu\u00eate d\u2019une nouvelle ville h\u00f4te.<\/p>\n<p><strong>Le contrat qui liait l\u2019ATP et la F\u00e9d\u00e9ration saoudienne de tennis courait pourtant jusqu\u2019en 2027.<\/strong><\/p>\n<p>Cette ann\u00e9e, l\u2019\u00e9preuve sera priv\u00e9e de sa t\u00eate d\u2019affiche principale : Joao Fonseca, leader de la Race Next Gen et tenant du titre, a mis un terme \u00e0 sa saison apr\u00e8s le Rolex Paris Masters.<\/p>\n<p><strong>Le Masters Next Gen, cr\u00e9\u00e9 en 2017, avait connu sept \u00e9ditions \u00e0 Milan avant de d\u00e9m\u00e9nager en Arabie saoudite.<\/strong><\/p>\n","protected":false},"excerpt":{"rendered":"Apr\u00e8s seulement trois \u00e9ditions, l\u2019Arabie saoudite ne sera plus l\u2019h\u00f4te du Masters Next Gen. L\u2019ATP cherche d\u00e9j\u00e0 une&hellip;\n","protected":false},"author":2,"featured_media":519808,"comment_status":"","ping_status":"","sticky":false,"template":"","format":"standard","meta":{"footnotes":""},"categories":[1415],"tags":[1011,27,60,1467],"class_list":{"0":"post-519807","1":"post","2":"type-post","3":"status-publish","4":"format-standard","5":"has-post-thumbnail","7":"category-tennis","8":"tag-fr","9":"tag-france","10":"tag-sports","11":"tag-tennis"},"share_on_mastodon":{"url":"https:\/\/pubeurope.com\/@fr\/115512324511160131","error":""},"_links":{"self":[{"href":"https:\/\/www.europesays.com\/fr\/wp-json\/wp\/v2\/posts\/519807","targetHints":{"allow":["GET"]}}],"collection":[{"href":"https:\/\/www.europesays.com\/fr\/wp-json\/wp\/v2\/posts"}],"about":[{"href":"https:\/\/www.europesays.com\/fr\/wp-json\/wp\/v2\/types\/post"}],"author":[{"embeddable":true,"href":"https:\/\/www.europesays.com\/fr\/wp-json\/wp\/v2\/users\/2"}],"replies":[{"embeddable":true,"href":"https:\/\/www.europesays.com\/fr\/wp-json\/wp\/v2\/comments?post=519807"}],"version-history":[{"count":0,"href":"https:\/\/www.europesays.com\/fr\/wp-json\/wp\/v2\/posts\/519807\/revisions"}],"wp:featuredmedia":[{"embeddable":true,"href":"https:\/\/www.europesays.com\/fr\/wp-json\/wp\/v2\/media\/519808"}],"wp:attachment":[{"href":"https:\/\/www.europesays.com\/fr\/wp-json\/wp\/v2\/media?parent=519807"}],"wp:term":[{"taxonomy":"category","embeddable":true,"href":"https:\/\/www.europesays.com\/fr\/wp-json\/wp\/v2\/categories?post=519807"},{"taxonomy":"post_tag","embeddable":true,"href":"https:\/\/www.europesays.com\/fr\/wp-json\/wp\/v2\/tags?post=519807"}],"curies":[{"name":"wp","href":"https:\/\/api.w.org\/{rel}","templated":true}]}}