{"id":519816,"date":"2025-11-08T05:10:11","date_gmt":"2025-11-08T05:10:11","guid":{"rendered":"https:\/\/www.europesays.com\/fr\/519816\/"},"modified":"2025-11-08T05:10:11","modified_gmt":"2025-11-08T05:10:11","slug":"shein-un-acteur-malefique-revelateur-de-nos-faiblesses-collectives-liberation","status":"publish","type":"post","link":"https:\/\/www.europesays.com\/fr\/519816\/","title":{"rendered":"Shein, un acteur mal\u00e9fique r\u00e9v\u00e9lateur de nos faiblesses collectives &#8211; Lib\u00e9ration"},"content":{"rendered":"<ol>\n<li><a href=\"https:\/\/news.google.com\/rss\/articles\/CBMi1gFBVV95cUxOLU8wVkMwS0hCV0dFRG1FU2o3Q0N5elhHN2FWeHJoUk5kY2sxWHhGZjVVMTJ2TTcyZmxBX3ByLU50djFiRnRXc3VIS3EtMG9aQlBYU1RNWTNKazFnQUJKeTgxRFJXX2ctT0FhY1VyV09nRGRlb3U3SDR4ZTZOeW9wQjdlQ1Y4MW9ZNFp2RzNHTm5XMWhzZHNmR3NGeUd0VlNFTUk4MHBBdm9ncXEzLVR6WGMyT05FcGJtb2E5YWpuOUJueFhEQXBzZVpvc0Q0aDNzYnhKYVln?oc=5\" target=\"_blank\" rel=\"noopener\">Shein, un acteur mal\u00e9fique r\u00e9v\u00e9lateur de nos faiblesses collectives<\/a>&nbsp;&nbsp;Lib\u00e9ration<\/li>\n<li><a href=\"https:\/\/news.google.com\/rss\/articles\/CBMiuwJBVV95cUxOMTNhS0ljQXVmRUQ5aVpkRUI3WjdSOXJvZEV1VzJ6ZXREQXRkRHhwemJSZGxubmNET25ZZ19pdVRMRWdmZDAwNmdWQlZvejcybTU4Y29HSDdDWXFYc1AwM0pDYnFXOTZtSnpTTDFUV2J6WlNDbk5mR1N2TTdpTUNNWkEzZFh2NUszSUFjUHhzSXpSSW45ZGF6d0kyeEVNN2xHb2JyWUR2NWRQeXZwaGFnRU1zUXRDaTFRcC0zS3BSX2JlcENVWkh4QjlDQjFFQjZUMjZLbUlCNDNXZkw3cUpMbzdMRURSc1p5WDZxRDlrUXBCd0VmcDZJSkFXNkJiV1RxbVB4anZsd1I4UkhZSFVVUXVLcG1iV01PQVR3XzNiTWM2eFpTbmRYeEhDTXYzb1pfckZWbXVxdjducDg?oc=5\" target=\"_blank\" rel=\"noopener\">PORTRAIT. Install\u00e9 aux Etats-Unis par amour, proche de la famille Trump\u2026 On vous pr\u00e9sente Donald Tang, le patron de Shein qui veut rhabiller les Fran\u00e7ais<\/a>&nbsp;&nbsp;France Info<\/li>\n<li><a href=\"https:\/\/news.google.com\/rss\/articles\/CBMiuwFBVV95cUxNdGFrS0FxM3ZZZVVmZWVOaDJYZ2d6c3ZTcTc4eUE1N2ZNcVpxOFB5SXFvS25WZWRVZERpVmxSZWRMUFVnTnVHWXFCWU1EdkJ2ckItM2IxTS1Yb1lYTmVlUkRJSWJmLXNpdGlqWERDU3hrbWxaaGduUlBsZk1KVGVJeFJHbTl6eXgtQmtzRlVMeWdzYjBXdVM0V0NZejhNNnB2cUYzczg0d3ZrMk8xczFPQWJyakhTdEFPc3Bj?oc=5\" target=\"_blank\" rel=\"noopener\">On conna\u00eet les dates d\u2019ouverture des prochains magasins de Shein en France<\/a>&nbsp;&nbsp;20 Minutes<\/li>\n<li><a href=\"https:\/\/news.google.com\/rss\/articles\/CBMi9wFBVV95cUxNX1YyR3BYeG4yYzFoZW1oYU14S1o5blJGSGdxX0lCenN6aEJZM1ZUYnlyYkhWNVVLYm9FdGc4aGtRMHEzSFBkLVZYTmJYcVlLYjFzVDdvU19wUXBYQTkyVXhGY211Si1yNFpnaUo5c3JXWkZhWGM5aUtrUDkwaWN2N3lyaEI0SE0xSG5qYzMtclg2U1FLN01YQ3VISlNpZWw5VWg1TXNvTXZ0bmI0ZmpoU0ZmUE50dTU1RXEyQUtLN2FRaEdLMUpycUZGZ2s5YVpnMUJiSE5KSGt5T3p1QXZxcy1XOTRmMVZCUmwyczh2bnl1RnJyQzNV?oc=5\" target=\"_blank\" rel=\"noopener\">Derri\u00e8re le scandale des poup\u00e9es sur Shein, la mod\u00e9ration approximative des autres \u00ab marketplaces \u00bb<\/a>&nbsp;&nbsp;Le Monde.fr<\/li>\n<\/ol>\n","protected":false},"excerpt":{"rendered":"Shein, un acteur mal\u00e9fique r\u00e9v\u00e9lateur de nos faiblesses collectives&nbsp;&nbsp;Lib\u00e9ration PORTRAIT. Install\u00e9 aux Etats-Unis par amour, proche de la&hellip;\n","protected":false},"author":2,"featured_media":519817,"comment_status":"","ping_status":"","sticky":false,"template":"","format":"standard","meta":{"footnotes":""},"categories":[1356],"tags":[58,59,764,1011,27,1104,252,1364],"class_list":{"0":"post-519816","1":"post","2":"type-post","3":"status-publish","4":"format-standard","5":"has-post-thumbnail","7":"category-television","8":"tag-divertissement","9":"tag-entertainment","10":"tag-fast-fashion","11":"tag-fr","12":"tag-france","13":"tag-shein","14":"tag-television","15":"tag-tv"},"share_on_mastodon":{"url":"https:\/\/pubeurope.com\/@fr\/115512359326735649","error":""},"_links":{"self":[{"href":"https:\/\/www.europesays.com\/fr\/wp-json\/wp\/v2\/posts\/519816","targetHints":{"allow":["GET"]}}],"collection":[{"href":"https:\/\/www.europesays.com\/fr\/wp-json\/wp\/v2\/posts"}],"about":[{"href":"https:\/\/www.europesays.com\/fr\/wp-json\/wp\/v2\/types\/post"}],"author":[{"embeddable":true,"href":"https:\/\/www.europesays.com\/fr\/wp-json\/wp\/v2\/users\/2"}],"replies":[{"embeddable":true,"href":"https:\/\/www.europesays.com\/fr\/wp-json\/wp\/v2\/comments?post=519816"}],"version-history":[{"count":0,"href":"https:\/\/www.europesays.com\/fr\/wp-json\/wp\/v2\/posts\/519816\/revisions"}],"wp:featuredmedia":[{"embeddable":true,"href":"https:\/\/www.europesays.com\/fr\/wp-json\/wp\/v2\/media\/519817"}],"wp:attachment":[{"href":"https:\/\/www.europesays.com\/fr\/wp-json\/wp\/v2\/media?parent=519816"}],"wp:term":[{"taxonomy":"category","embeddable":true,"href":"https:\/\/www.europesays.com\/fr\/wp-json\/wp\/v2\/categories?post=519816"},{"taxonomy":"post_tag","embeddable":true,"href":"https:\/\/www.europesays.com\/fr\/wp-json\/wp\/v2\/tags?post=519816"}],"curies":[{"name":"wp","href":"https:\/\/api.w.org\/{rel}","templated":true}]}}