{"id":519831,"date":"2025-11-08T05:18:18","date_gmt":"2025-11-08T05:18:18","guid":{"rendered":"https:\/\/www.europesays.com\/fr\/519831\/"},"modified":"2025-11-08T05:18:18","modified_gmt":"2025-11-08T05:18:18","slug":"les-bijoux-de-sissi-et-des-habsbourg-que-lon-pensait-voles-retrouves-apres-plus-dun-siecle-caches-dans-une-mallette-scellee","status":"publish","type":"post","link":"https:\/\/www.europesays.com\/fr\/519831\/","title":{"rendered":"Les bijoux de Sissi et des Habsbourg, que l&rsquo;on pensait vol\u00e9s, retrouv\u00e9s apr\u00e8s plus d&rsquo;un si\u00e8cle cach\u00e9s dans une mallette scell\u00e9e"},"content":{"rendered":"<p class=\"has-dropcap\">Alors que la France (et le monde entier) se remet \u00e0 peine du <a href=\"https:\/\/www.vanityfair.fr\/article\/cambriolage-au-louvre-7-minutes-pour-un-vol-qui-a-fascine-le-monde-entier\" target=\"_blank\" rel=\"noopener\">spectaculaire casse au Louvre<\/a>, l&rsquo;Autriche, elle, crie au miracle. les pr\u00e9cieux joyaux des Habsbourg (\u00e0 l&rsquo;exception de la couronne de l&rsquo;imp\u00e9ratrice Sissi) et le c\u00e9l\u00e8bre et gigantesque diamant jaune Florentin ont \u00e9t\u00e9 red\u00e9couverts. De pr\u00e9cieux joyaux, disparus des radars depuis plus d&rsquo;un si\u00e8cle.<\/p>\n<p>Aucun sc\u00e9nario, m\u00eame pas celui d&rsquo;un film \u00e0 succ\u00e8s, n&rsquo;aurait pu offrir une intrigue et un d\u00e9nouement plus surprenants que celui-ci. La r\u00e9v\u00e9lation met fin \u00e0 plus d&rsquo;un si\u00e8cle de conspirations et de r\u00e9cits sur les joyaux des Habsbourg, suppos\u00e9ment vol\u00e9s, taill\u00e9s, vendus aux ench\u00e8res, \u00e9chang\u00e9s contre de l&rsquo;argent. \u00ab Le Florentin est dans un coffre-fort au Canada avec d&rsquo;autres joyaux de famille \u00bb, aurait d\u00e9clar\u00e9 <strong>Karl Habsbourg<\/strong>, entrepreneur, ancien homme politique et, surtout, petit-fils du dernier empereur d&rsquo;Autriche, au journal allemand Der Spiegel il y a quelques jours, tout en sirotant (dans le plus grand des calmes) son cappuccino dans un caf\u00e9 viennois. Quelques mots qui ont balay\u00e9 des ann\u00e9es de fausses certitudes\u00a0: les joyaux des Habsbourg n\u2019ont jamais \u00e9t\u00e9 perdus.<\/p>\n<p>Non, il n&rsquo;y a pas eu de d\u00e9couverte sensationnelle, seulement la r\u00e9v\u00e9lation d&rsquo;un secret gard\u00e9 pendant plus d&rsquo;un si\u00e8cle sur l&rsquo;ordre de sa grand-m\u00e8re, <strong>l&rsquo;imp\u00e9ratrice<\/strong> <strong>Zita<\/strong>, veuve de l&#8217;empereur <strong>Charles Ier<\/strong>, qui, dans sa brusque fuite vers le Canada en 1940, a \u00e9galement emport\u00e9 les bijoux de famille, les transportant dans un petit \u00e9tui de cuir brun et les cachant dans un coffre-fort de la province francophone de Qu\u00e9bec, avec une recommandation : l&rsquo;endroit devait \u00eatre tenu secret au moins jusqu&rsquo;au centenaire de la mort de l&#8217;empereur Charles Ier (en 1922). Seuls deux membres masculins de la famille devaient \u00eatre mis au courant de cet emplacement et, \u00e0 l&rsquo;heure actuelle, ces deux hommes sont les deux cousins de Habsbourg qui, conform\u00e9ment aux directives de leur grand-m\u00e8re, ont attendu l&rsquo;ann\u00e9e derni\u00e8re pour contacter Karl Habsbourg, lequel a rendu la nouvelle publique ce jour.<\/p>\n<p>Est-il possible que l&rsquo;h\u00e9ritier des Habsbourg \u2013 se demandaient les journalistes du Spiegel \u2013 n&rsquo;en sache vraiment rien\u00a0? \u00ab Mon p\u00e8re l&rsquo;a mentionn\u00e9 une fois, comme \u00e7a, en passant. \u00c0 l&rsquo;\u00e9poque, je n&rsquo;y ai pas pr\u00eat\u00e9 attention et je n&rsquo;y ai plus jamais repens\u00e9 \u00bb, aurait d\u00e9clar\u00e9 Karl Habsbourg.<\/p>\n<p><img decoding=\"async\" alt=\"L'impratrice Zita d'Autriche.\" loading=\"lazy\" class=\"ResponsiveImageContainer-eNxvmU cfBbTk responsive-image__image\"   src=\"https:\/\/www.europesays.com\/fr\/wp-content\/uploads\/2025\/11\/GettyImages-104403073.jpg\"\/><\/p>\n<p>L&rsquo;imp\u00e9ratrice Zita d&rsquo;Autriche.<\/p>\n<p>Keystone-France\/Getty Images<\/p>\n","protected":false},"excerpt":{"rendered":"Alors que la France (et le monde entier) se remet \u00e0 peine du spectaculaire casse au Louvre, l&rsquo;Autriche,&hellip;\n","protected":false},"author":2,"featured_media":519832,"comment_status":"","ping_status":"","sticky":false,"template":"","format":"standard","meta":{"footnotes":""},"categories":[5],"tags":[11,8416,1011,27,64072,14,12,6747,28],"class_list":{"0":"post-519831","1":"post","2":"type-post","3":"status-publish","4":"format-standard","5":"has-post-thumbnail","7":"category-international","8":"tag-actualites","9":"tag-digital_syndication","10":"tag-fr","11":"tag-france","12":"tag-horlogerie-joaillerie","13":"tag-international","14":"tag-news","15":"tag-textabovecentergridwidth","16":"tag-world"},"share_on_mastodon":{"url":"https:\/\/pubeurope.com\/@fr\/115512391909381011","error":""},"_links":{"self":[{"href":"https:\/\/www.europesays.com\/fr\/wp-json\/wp\/v2\/posts\/519831","targetHints":{"allow":["GET"]}}],"collection":[{"href":"https:\/\/www.europesays.com\/fr\/wp-json\/wp\/v2\/posts"}],"about":[{"href":"https:\/\/www.europesays.com\/fr\/wp-json\/wp\/v2\/types\/post"}],"author":[{"embeddable":true,"href":"https:\/\/www.europesays.com\/fr\/wp-json\/wp\/v2\/users\/2"}],"replies":[{"embeddable":true,"href":"https:\/\/www.europesays.com\/fr\/wp-json\/wp\/v2\/comments?post=519831"}],"version-history":[{"count":0,"href":"https:\/\/www.europesays.com\/fr\/wp-json\/wp\/v2\/posts\/519831\/revisions"}],"wp:featuredmedia":[{"embeddable":true,"href":"https:\/\/www.europesays.com\/fr\/wp-json\/wp\/v2\/media\/519832"}],"wp:attachment":[{"href":"https:\/\/www.europesays.com\/fr\/wp-json\/wp\/v2\/media?parent=519831"}],"wp:term":[{"taxonomy":"category","embeddable":true,"href":"https:\/\/www.europesays.com\/fr\/wp-json\/wp\/v2\/categories?post=519831"},{"taxonomy":"post_tag","embeddable":true,"href":"https:\/\/www.europesays.com\/fr\/wp-json\/wp\/v2\/tags?post=519831"}],"curies":[{"name":"wp","href":"https:\/\/api.w.org\/{rel}","templated":true}]}}