{"id":519839,"date":"2025-11-08T05:22:14","date_gmt":"2025-11-08T05:22:14","guid":{"rendered":"https:\/\/www.europesays.com\/fr\/519839\/"},"modified":"2025-11-08T05:22:14","modified_gmt":"2025-11-08T05:22:14","slug":"les-filles-du-racing-club-de-strasbourg-veulent-decoller-contre-saint-etienne","status":"publish","type":"post","link":"https:\/\/www.europesays.com\/fr\/519839\/","title":{"rendered":"les filles du Racing Club de Strasbourg veulent d\u00e9coller contre Saint-\u00c9tienne"},"content":{"rendered":"<p>Alors que la premi\u00e8re moiti\u00e9 des matches aller est atteinte, les <a href=\"https:\/\/www.dna.fr\/sport\/racing-club-strasbourg-feminin\" target=\"_blank\" rel=\"nofollow noopener\">Strasbourgeoises<\/a> totalisent six points r\u00e9partis en une victoire, trois nuls et deux d\u00e9faites.<\/p>\n<p>Titulaires de la 7e\u00a0 attaque et de la 4e\u00a0 d\u00e9fense, elles ont un peu gliss\u00e9 au classement \u00e0 deux points du premier rel\u00e9gable (Saint-Etienne) mais aussi \u00e0 une victoire de la 5e\u00a0 place occup\u00e9e par Nantes \u00e0 l\u2019entame de la 7e\u00a0 journ\u00e9e, qui s\u2019est \u00e9lanc\u00e9e vendredi soir.<\/p>\n<p>\u00ab\u00a0On pourrait avoir deux ou trois points de plus\u00a0\u00bb<\/p>\n<p>\u00ab\u00a0On pourrait avoir deux ou trois points de plus, admet Vincent Nogueira, le coach des Strasbourgeoises. Je pense <a href=\"https:\/\/www.dna.fr\/sport\/2025\/09\/20\/un-match-nul-a-deux-saveurs\" target=\"_blank\" rel=\"nofollow noopener\">au nul contre Lens (2-2)<\/a> et si on avait pris un point<a href=\"https:\/\/www.dna.fr\/sport\/2025\/10\/19\/division-1-feminine-suivez-la-rencontre-entre-le-racing-et-le-psg-en-direct-coup-d-envoi-a-15h\" target=\"_blank\" rel=\"nofollow noopener\"> face au PSG (0-1)<\/a>, \u00e7a n\u2019aurait pas \u00e9t\u00e9 le casse du si\u00e8cle.\u00a0\u00bb<\/p>\n<p>Doucement mais s\u00fbrement, son groupe \u00e9volue, cherche son osmose, ses&#8230;<\/p>\n","protected":false},"excerpt":{"rendered":"Alors que la premi\u00e8re moiti\u00e9 des matches aller est atteinte, les Strasbourgeoises totalisent six points r\u00e9partis en une&hellip;\n","protected":false},"author":2,"featured_media":519840,"comment_status":"","ping_status":"","sticky":false,"template":"","format":"standard","meta":{"footnotes":""},"categories":[9653],"tags":[1111,11,2430,2649,2880,1777,674,107,63,1011,27,12,25,4001,517,640,2879],"class_list":{"0":"post-519839","1":"post","2":"type-post","3":"status-publish","4":"format-standard","5":"has-post-thumbnail","7":"category-saint-etienne","8":"tag-actu","9":"tag-actualites","10":"tag-auvergne-rhone-alpes","11":"tag-bas-rhin","12":"tag-edition-strasbourg","13":"tag-eu","14":"tag-europe","15":"tag-fil-info","16":"tag-football","17":"tag-fr","18":"tag-france","19":"tag-news","20":"tag-republique-francaise","21":"tag-saint-etienne","22":"tag-sport","23":"tag-strasbourg","24":"tag-strasbourg-ville"},"share_on_mastodon":{"url":"https:\/\/pubeurope.com\/@fr\/115512406388059646","error":""},"_links":{"self":[{"href":"https:\/\/www.europesays.com\/fr\/wp-json\/wp\/v2\/posts\/519839","targetHints":{"allow":["GET"]}}],"collection":[{"href":"https:\/\/www.europesays.com\/fr\/wp-json\/wp\/v2\/posts"}],"about":[{"href":"https:\/\/www.europesays.com\/fr\/wp-json\/wp\/v2\/types\/post"}],"author":[{"embeddable":true,"href":"https:\/\/www.europesays.com\/fr\/wp-json\/wp\/v2\/users\/2"}],"replies":[{"embeddable":true,"href":"https:\/\/www.europesays.com\/fr\/wp-json\/wp\/v2\/comments?post=519839"}],"version-history":[{"count":0,"href":"https:\/\/www.europesays.com\/fr\/wp-json\/wp\/v2\/posts\/519839\/revisions"}],"wp:featuredmedia":[{"embeddable":true,"href":"https:\/\/www.europesays.com\/fr\/wp-json\/wp\/v2\/media\/519840"}],"wp:attachment":[{"href":"https:\/\/www.europesays.com\/fr\/wp-json\/wp\/v2\/media?parent=519839"}],"wp:term":[{"taxonomy":"category","embeddable":true,"href":"https:\/\/www.europesays.com\/fr\/wp-json\/wp\/v2\/categories?post=519839"},{"taxonomy":"post_tag","embeddable":true,"href":"https:\/\/www.europesays.com\/fr\/wp-json\/wp\/v2\/tags?post=519839"}],"curies":[{"name":"wp","href":"https:\/\/api.w.org\/{rel}","templated":true}]}}