{"id":519853,"date":"2025-11-08T05:34:11","date_gmt":"2025-11-08T05:34:11","guid":{"rendered":"https:\/\/www.europesays.com\/fr\/519853\/"},"modified":"2025-11-08T05:34:11","modified_gmt":"2025-11-08T05:34:11","slug":"pres-de-grenoble-une-decheterie-derniere-generation-va-ouvrir-dans-cette-commune-voici-quand","status":"publish","type":"post","link":"https:\/\/www.europesays.com\/fr\/519853\/","title":{"rendered":"Pr\u00e8s de Grenoble. Une d\u00e9ch\u00e8terie \u00ab\u00a0derni\u00e8re g\u00e9n\u00e9ration\u00a0\u00bb va ouvrir dans cette commune, voici quand"},"content":{"rendered":"<p>            Par<br \/>\n        <strong><br \/>\n            <a href=\"https:\/\/actu.fr\/auteur\/julien-sournies\" title=\"Consulter tous les articles de Julien Sournies\" target=\"_blank\" rel=\"noopener\">Julien Sournies<\/a><br \/>\n        <\/strong><\/p>\n<p>        Publi\u00e9 le<\/p>\n<p>            8 nov. 2025 \u00e0 6h10        <\/p>\n<p>Les communes situ\u00e9es au sud de l\u2019agglom\u00e9ration de <a href=\"https:\/\/actu.fr\/grenoble\/\" target=\"_blank\" rel=\"noopener\">Grenoble<\/a> (<a href=\"https:\/\/actu.fr\/auvergne-rhone-alpes\/isere_38\" target=\"_blank\" rel=\"noopener\">Is\u00e8re<\/a>) vont b\u00e9n\u00e9ficier d\u2019un nouvel \u00ab\u2009\u00e9quipement de derni\u00e8re g\u00e9n\u00e9ration\u2009\u00bb. Alors que les d\u00e9p\u00f4ts sauvages ne cessent de cro\u00eetre, tout comme la fr\u00e9quentation des d\u00e9ch\u00e8teries du territoire, la M\u00e9tropole de Grenoble a lanc\u00e9 la construction d\u2019une <strong>nouvelle d\u00e9ch\u00e8terie<\/strong> sur la commune de Varces-Alli\u00e8res-et-Risset.<br \/>Celle-ci permettra de regrouper les sites actuels de Claix, Saint-Paul-de-Varces et Varces, jug\u00e9s aujourd\u2019hui \u00ab\u2009trop exigus\u2009\u00bb, et d\u2019offrir un \u00ab\u2009service plus <strong>fonctionnel, spacieux, s\u00e9curis\u00e9 et moderne<\/strong>\u2009\u00bb, promet la collectivit\u00e9.<\/p>\n<p>Une d\u00e9ch\u00e8terie de 5\u2009000\u00a0m2<\/p>\n<p class=\" wall-content\">Implant\u00e9e sur un terrain de <strong>5\u2009000 m\u00b2<\/strong>, cette future d\u00e9ch\u00e8terie ouvrira ses portes au mois d\u2019avril\u00a02026 sur l\u2019impasse du Pr\u00e9 de l\u2019Orme.<\/p>\n<p class=\" wall-content\">Dans le d\u00e9tail, elle proposera <strong>14 bennes de tri<\/strong> pour les principaux flux, un espace de r\u00e9emploi d\u00e9di\u00e9 \u00e0 la valorisation des objets, une zone de collecte pour jouets, mat\u00e9riel de sport ou de bricolage, un local pour le personnel ou encore un point d\u2019apport volontaire (verre, polystyr\u00e8ne, textile, papier, laine de verre).<\/p>\n<p>    <img   decoding=\"async\" loading=\"lazy\" src=\"https:\/\/www.europesays.com\/fr\/wp-content\/uploads\/2025\/11\/decheterie-grenoble-960x640.jpg\" alt=\"xxxxxxx\" width=\"960\" height=\"640\"\/><br \/>\n    La d\u00e9ch\u00e8terie devrait ouvrir ses portes courant avril\u00a02026. (\u00a9Document remis \u00e0 actu Grenoble)<\/p>\n<p class=\" wall-content\">La conception du site int\u00e8gre par ailleurs des am\u00e9nagements favorisant le confort et la s\u00e9curit\u00e9\u2009: voies de circulation s\u00e9par\u00e9es pour les usagers et les prestataires, surveillance par cam\u00e9ras optiques et thermiques, contr\u00f4le d\u2019acc\u00e8s automatis\u00e9.<\/p>\n<p>Une toiture enti\u00e8rement v\u00e9g\u00e9talis\u00e9e<\/p>\n<p class=\" wall-content\">Une voie d\u2019insertion sera aussi cr\u00e9\u00e9e, \u00ab\u2009afin de garantir un acc\u00e8s fluide et s\u00e9curis\u00e9 \u00e0 la d\u00e9ch\u00e8terie\u2009\u00bb, pr\u00e9cise la collectivit\u00e9. Petite particularit\u00e9\u2009: l\u2019int\u00e9gralit\u00e9 du b\u00e2timent poss\u00e8dera une <strong>toiture v\u00e9g\u00e9talis\u00e9e<\/strong>.<\/p>\n<p>    <a href=\"https:\/\/www.google.com\/maps\/embed?pb=!1m18!1m12!1m3!1d8081.029798528454!2d5.668933091933229!3d45.10821205859767!2m3!1f0!2f0!3f0!3m2!1i1024!2i768!4f13.1!3m3!1m2!1s0x478a8c710f765bcd%3A0x31958cde27e24c02!2s1%20Imp.%20du%20Pr%C3%A9%20de%20l%27Orme%2C%2038760%20Varces-Alli%C3%A8res-et-Risset!5e1!3m2!1sfr!2sfr!4v1762533006766!5m2!1sfr!2sfr\" title=\"Ouvrie le lien\" target=\"_blank\" rel=\"noopener\">Cliquez ici pour visualiser le contenu<\/a><\/p>\n<p>Votre r\u00e9gion, votre actu !<\/p>\n<p>Recevez chaque jour les infos qui comptent pour vous.<\/p>\n<p>\t<a href=\"https:\/\/actu.fr\/newsletter\" class=\"ac-btn ac-btn--corner ac-btn--medium ac-btn--blue800\" target=\"_blank\" rel=\"noopener\">S&rsquo;incrire<\/a><\/p>\n<p class=\" wall-content\">\u00c0 noter par ailleurs que le co\u00fbt du chantier s\u2019\u00e9l\u00e8ve \u00e0 quelque <strong>3\u2009972\u2009388\u00a0euros<\/strong>, avec une participation de l\u2019\u00c9tat \u00e0 la hauteur de 490\u2009000\u00a0euros via la DSIL (Dotation de soutien \u00e0 l\u2019investissement local).<\/p>\n<p class=\" wall-content\">Cette nouvelle d\u00e9ch\u00e8terie rejoint donc celles d\u2019Echirolles, Saint-Martin d\u2019H\u00e8res, Sassenage et Grenoble Jacquard, laquelle vient d\u2019\u00eatre r\u00e9cemment inaugur\u00e9e.<\/p>\n<p class=\" wall-content\">Personnalisez votre actualit\u00e9 en ajoutant vos villes et m\u00e9dias en favori avec <a href=\"https:\/\/moncompte.actu.fr\" title=\"D\u00e9couvez Mon Actu\" rel=\"nofollow noopener\" data-trk=\"{&quot;cta&quot;:{&quot;action&quot;:&quot;https:\\\/\\\/moncompte.actu.fr&quot;,&quot;category&quot;:&quot;mon compte&quot;,&quot;from&quot;:&quot;article footer&quot;,&quot;name&quot;:&quot;Mon actu&quot;,&quot;type&quot;:&quot;cta&quot;}}\" target=\"_blank\">Mon Actu<\/a>.<\/p>\n","protected":false},"excerpt":{"rendered":"Par Julien Sournies Publi\u00e9 le 8 nov. 2025 \u00e0 6h10 Les communes situ\u00e9es au sud de l\u2019agglom\u00e9ration de&hellip;\n","protected":false},"author":2,"featured_media":519854,"comment_status":"","ping_status":"","sticky":false,"template":"","format":"standard","meta":{"footnotes":""},"categories":[9566],"tags":[1111,11,2430,3008,436,1777,674,1011,27,2731,12,25,104],"class_list":{"0":"post-519853","1":"post","2":"type-post","3":"status-publish","4":"format-standard","5":"has-post-thumbnail","7":"category-grenoble","8":"tag-actu","9":"tag-actualites","10":"tag-auvergne-rhone-alpes","11":"tag-dechets","12":"tag-environnement","13":"tag-eu","14":"tag-europe","15":"tag-fr","16":"tag-france","17":"tag-grenoble","18":"tag-news","19":"tag-republique-francaise","20":"tag-societe"},"share_on_mastodon":{"url":"https:\/\/pubeurope.com\/@fr\/115512454000202053","error":""},"_links":{"self":[{"href":"https:\/\/www.europesays.com\/fr\/wp-json\/wp\/v2\/posts\/519853","targetHints":{"allow":["GET"]}}],"collection":[{"href":"https:\/\/www.europesays.com\/fr\/wp-json\/wp\/v2\/posts"}],"about":[{"href":"https:\/\/www.europesays.com\/fr\/wp-json\/wp\/v2\/types\/post"}],"author":[{"embeddable":true,"href":"https:\/\/www.europesays.com\/fr\/wp-json\/wp\/v2\/users\/2"}],"replies":[{"embeddable":true,"href":"https:\/\/www.europesays.com\/fr\/wp-json\/wp\/v2\/comments?post=519853"}],"version-history":[{"count":0,"href":"https:\/\/www.europesays.com\/fr\/wp-json\/wp\/v2\/posts\/519853\/revisions"}],"wp:featuredmedia":[{"embeddable":true,"href":"https:\/\/www.europesays.com\/fr\/wp-json\/wp\/v2\/media\/519854"}],"wp:attachment":[{"href":"https:\/\/www.europesays.com\/fr\/wp-json\/wp\/v2\/media?parent=519853"}],"wp:term":[{"taxonomy":"category","embeddable":true,"href":"https:\/\/www.europesays.com\/fr\/wp-json\/wp\/v2\/categories?post=519853"},{"taxonomy":"post_tag","embeddable":true,"href":"https:\/\/www.europesays.com\/fr\/wp-json\/wp\/v2\/tags?post=519853"}],"curies":[{"name":"wp","href":"https:\/\/api.w.org\/{rel}","templated":true}]}}