{"id":519857,"date":"2025-11-08T05:36:35","date_gmt":"2025-11-08T05:36:35","guid":{"rendered":"https:\/\/www.europesays.com\/fr\/519857\/"},"modified":"2025-11-08T05:36:35","modified_gmt":"2025-11-08T05:36:35","slug":"un-nouveau-restaurant-ferme-sur-cette-place-tres-frequentee-de-rennes","status":"publish","type":"post","link":"https:\/\/www.europesays.com\/fr\/519857\/","title":{"rendered":"Un nouveau restaurant ferme sur cette place tr\u00e8s fr\u00e9quent\u00e9e de Rennes"},"content":{"rendered":"<p>Les fermetures de restaurants se multiplient sur la dalle Colombier dans le centre-ville de Rennes. Apr\u00e8s <a href=\"https:\/\/www.letelegramme.fr\/ille-et-vilaine\/rennes-35000\/des-travaux-devant-lentree-depuis-des-mois-a-rennes-ce-restaurant-met-la-cle-sous-la-porte-6821242.php\" target=\"_blank\" rel=\"nofollow noopener\">le restaurant BChef<\/a>, plac\u00e9 en liquidation judiciaire en mai 2025, c\u2019est d\u00e9sormais au tour de la brasserie La Dalle de fermer d\u00e9finitivement ses portes. <a href=\"https:\/\/www.letelegramme.fr\/ille-et-vilaine\/rennes-35000\/la-dalle-colombier-va-changer-de-visage-a-rennes-voici-ce-qui-est-prevu-6860544.php\" target=\"_blank\" rel=\"nofollow noopener\">Comme annonc\u00e9 par le T\u00e9l\u00e9gramme<\/a>, il y a plusieurs mois, le commerce a \u00e9t\u00e9 pr\u00e9empt\u00e9 par Territoires, la soci\u00e9t\u00e9 publique en charge des grands projets urbains de Rennes.<\/p>\n<p>Un projet de r\u00e9habilitation<\/p>\n<p>Le local du bar-brasserie devrait, comme il est pr\u00e9vu dans l\u2019appel d\u2019offres lanc\u00e9 au printemps dernier, \u00eatre d\u00e9truit. Les autres commerces de la dalle, dont l\u2019opticien juste \u00e0 c\u00f4t\u00e9, restent cependant toujours ouverts.<\/p>\n<p>Construite dans les ann\u00e9es 1970, la dalle du Colombier p\u00e2tit aujourd\u2019hui d\u2019une mauvaise image entre min\u00e9ralit\u00e9, ins\u00e9curit\u00e9 et v\u00e9tust\u00e9 de certains \u00e9quipements. Int\u00e9gr\u00e9e \u00e0 la Zac EuroRennes, la dalle du Colombier va b\u00e9n\u00e9ficier d\u2019un profond lifting ces prochaines ann\u00e9es. Territoires a lanc\u00e9 un appel d\u2019offres le 17 juillet 2025 pour \u00ab pr\u00e9figurer les futurs am\u00e9nagements de la dalle du Colombier \u00bb. Sans le restaurant La Dalle, donc.<\/p>\n","protected":false},"excerpt":{"rendered":"Les fermetures de restaurants se multiplient sur la dalle Colombier dans le centre-ville de Rennes. Apr\u00e8s le restaurant&hellip;\n","protected":false},"author":2,"featured_media":519858,"comment_status":"","ping_status":"","sticky":false,"template":"","format":"standard","meta":{"footnotes":""},"categories":[2821],"tags":[1111,11,829,2033,1777,674,1011,27,848,12,584,25],"class_list":{"0":"post-519857","1":"post","2":"type-post","3":"status-publish","4":"format-standard","5":"has-post-thumbnail","7":"category-rennes","8":"tag-actu","9":"tag-actualites","10":"tag-bretagne","11":"tag-commerces-a-rennes","12":"tag-eu","13":"tag-europe","14":"tag-fr","15":"tag-france","16":"tag-ille-et-vilaine","17":"tag-news","18":"tag-rennes","19":"tag-republique-francaise"},"share_on_mastodon":{"url":"https:\/\/pubeurope.com\/@fr\/115512461497562070","error":""},"_links":{"self":[{"href":"https:\/\/www.europesays.com\/fr\/wp-json\/wp\/v2\/posts\/519857","targetHints":{"allow":["GET"]}}],"collection":[{"href":"https:\/\/www.europesays.com\/fr\/wp-json\/wp\/v2\/posts"}],"about":[{"href":"https:\/\/www.europesays.com\/fr\/wp-json\/wp\/v2\/types\/post"}],"author":[{"embeddable":true,"href":"https:\/\/www.europesays.com\/fr\/wp-json\/wp\/v2\/users\/2"}],"replies":[{"embeddable":true,"href":"https:\/\/www.europesays.com\/fr\/wp-json\/wp\/v2\/comments?post=519857"}],"version-history":[{"count":0,"href":"https:\/\/www.europesays.com\/fr\/wp-json\/wp\/v2\/posts\/519857\/revisions"}],"wp:featuredmedia":[{"embeddable":true,"href":"https:\/\/www.europesays.com\/fr\/wp-json\/wp\/v2\/media\/519858"}],"wp:attachment":[{"href":"https:\/\/www.europesays.com\/fr\/wp-json\/wp\/v2\/media?parent=519857"}],"wp:term":[{"taxonomy":"category","embeddable":true,"href":"https:\/\/www.europesays.com\/fr\/wp-json\/wp\/v2\/categories?post=519857"},{"taxonomy":"post_tag","embeddable":true,"href":"https:\/\/www.europesays.com\/fr\/wp-json\/wp\/v2\/tags?post=519857"}],"curies":[{"name":"wp","href":"https:\/\/api.w.org\/{rel}","templated":true}]}}